{"id":1390,"date":"2025-01-25T10:19:00","date_gmt":"2025-01-25T10:19:00","guid":{"rendered":"https:\/\/pact.pt\/?post_type=news&#038;p=1390"},"modified":"2025-12-15T12:07:56","modified_gmt":"2025-12-15T11:07:56","slug":"pact-junta-se-ao-ceiia-para-angariacao-de-dadivas-de-sangue-para-o-hese","status":"publish","type":"news","link":"https:\/\/pact.pt\/pt-pt\/news\/pact-junta-se-ao-ceiia-para-angariacao-de-dadivas-de-sangue-para-o-hese\/","title":{"rendered":"PACT junta-se ao CEIIA para angaria\u00e7\u00e3o de d\u00e1divas de sangue para o HESE"},"content":{"rendered":"","protected":false},"featured_media":3277,"template":"","news-tags":[271,596,530,597,377,277,598,279,599,412,413],"news-date":[212],"class_list":["post-1390","news","type-news","status-publish","has-post-thumbnail","hentry","news-tags-alentejo","news-tags-ceiia","news-tags-comunidade","news-tags-dadiva-de-sangue","news-tags-ecossistema","news-tags-evora","news-tags-hospital-espirito-santo-de-evora","news-tags-pact","news-tags-recolha-de-sangue","news-tags-responsabilidade-social","news-tags-solidariedade","news-date-jan-2025"],"acf":[],"_links":{"self":[{"href":"https:\/\/pact.pt\/pt-pt\/wp-json\/wp\/v2\/news\/1390","targetHints":{"allow":["GET"]}}],"collection":[{"href":"https:\/\/pact.pt\/pt-pt\/wp-json\/wp\/v2\/news"}],"about":[{"href":"https:\/\/pact.pt\/pt-pt\/wp-json\/wp\/v2\/types\/news"}],"wp:featuredmedia":[{"embeddable":true,"href":"https:\/\/pact.pt\/pt-pt\/wp-json\/wp\/v2\/media\/3277"}],"wp:attachment":[{"href":"https:\/\/pact.pt\/pt-pt\/wp-json\/wp\/v2\/media?parent=1390"}],"wp:term":[{"taxonomy":"news-tags","embeddable":true,"href":"https:\/\/pact.pt\/pt-pt\/wp-json\/wp\/v2\/news-tags?post=1390"},{"taxonomy":"news-date","embeddable":true,"href":"https:\/\/pact.pt\/pt-pt\/wp-json\/wp\/v2\/news-date?post=1390"}],"curies":[{"name":"wp","href":"https:\/\/api.w.org\/{rel}","templated":true}]}}