{"id":1393,"date":"2025-02-17T10:20:00","date_gmt":"2025-02-17T10:20:00","guid":{"rendered":"https:\/\/pact.pt\/?post_type=news&#038;p=1393"},"modified":"2025-05-29T22:03:07","modified_gmt":"2025-05-29T21:03:07","slug":"pact-promove-formacao-certificada-em-marketing-digital-no-ambito-dos-servicos-do-gabinete-alentedge","status":"publish","type":"news","link":"https:\/\/pact.pt\/pt-pt\/news\/pact-promove-formacao-certificada-em-marketing-digital-no-ambito-dos-servicos-do-gabinete-alentedge\/","title":{"rendered":"PACT promove forma\u00e7\u00e3o certificada em marketing digital, no \u00e2mbito dos servi\u00e7os do gabinete AlentEdge"},"content":{"rendered":"","protected":false},"featured_media":1394,"template":"","news-tags":[271,305,405,303,600,527,510,467,279,470,309],"news-date":[213],"class_list":["post-1393","news","type-news","status-publish","has-post-thumbnail","hentry","news-tags-alentejo","news-tags-ciencia","news-tags-consorcio","news-tags-economia-circular","news-tags-espanha","news-tags-ewaster","news-tags-gestao-de-residuos","news-tags-networking","news-tags-pact","news-tags-projetos","news-tags-tecnologia","news-date-fev-2025"],"acf":[],"_links":{"self":[{"href":"https:\/\/pact.pt\/pt-pt\/wp-json\/wp\/v2\/news\/1393","targetHints":{"allow":["GET"]}}],"collection":[{"href":"https:\/\/pact.pt\/pt-pt\/wp-json\/wp\/v2\/news"}],"about":[{"href":"https:\/\/pact.pt\/pt-pt\/wp-json\/wp\/v2\/types\/news"}],"wp:featuredmedia":[{"embeddable":true,"href":"https:\/\/pact.pt\/pt-pt\/wp-json\/wp\/v2\/media\/1394"}],"wp:attachment":[{"href":"https:\/\/pact.pt\/pt-pt\/wp-json\/wp\/v2\/media?parent=1393"}],"wp:term":[{"taxonomy":"news-tags","embeddable":true,"href":"https:\/\/pact.pt\/pt-pt\/wp-json\/wp\/v2\/news-tags?post=1393"},{"taxonomy":"news-date","embeddable":true,"href":"https:\/\/pact.pt\/pt-pt\/wp-json\/wp\/v2\/news-date?post=1393"}],"curies":[{"name":"wp","href":"https:\/\/api.w.org\/{rel}","templated":true}]}}