{"id":1396,"date":"2025-02-27T10:21:00","date_gmt":"2025-02-27T10:21:00","guid":{"rendered":"https:\/\/pact.pt\/?post_type=news&#038;p=1396"},"modified":"2025-07-23T15:56:19","modified_gmt":"2025-07-23T14:56:19","slug":"pact-reune-com-o-consorcio-ewaster-em-malaga-para-3o-workshop-de-validacao","status":"publish","type":"news","link":"https:\/\/pact.pt\/pt-pt\/news\/pact-reune-com-o-consorcio-ewaster-em-malaga-para-3o-workshop-de-validacao\/","title":{"rendered":"PACT re\u00fane-se com o cons\u00f3rcio eWASTER em M\u00e1laga para o 3\u00ba workshop de valida\u00e7\u00e3o"},"content":{"rendered":"","protected":false},"featured_media":3275,"template":"","news-tags":[535,271,305,582,365,277,339,434,279,309],"news-date":[213],"class_list":["post-1396","news","type-news","status-publish","has-post-thumbnail","hentry","news-tags-alentedge","news-tags-alentejo","news-tags-ciencia","news-tags-dgert","news-tags-empresas","news-tags-evora","news-tags-formacao","news-tags-marketing-digital","news-tags-pact","news-tags-tecnologia","news-date-fev-2025"],"acf":[],"_links":{"self":[{"href":"https:\/\/pact.pt\/pt-pt\/wp-json\/wp\/v2\/news\/1396","targetHints":{"allow":["GET"]}}],"collection":[{"href":"https:\/\/pact.pt\/pt-pt\/wp-json\/wp\/v2\/news"}],"about":[{"href":"https:\/\/pact.pt\/pt-pt\/wp-json\/wp\/v2\/types\/news"}],"wp:featuredmedia":[{"embeddable":true,"href":"https:\/\/pact.pt\/pt-pt\/wp-json\/wp\/v2\/media\/3275"}],"wp:attachment":[{"href":"https:\/\/pact.pt\/pt-pt\/wp-json\/wp\/v2\/media?parent=1396"}],"wp:term":[{"taxonomy":"news-tags","embeddable":true,"href":"https:\/\/pact.pt\/pt-pt\/wp-json\/wp\/v2\/news-tags?post=1396"},{"taxonomy":"news-date","embeddable":true,"href":"https:\/\/pact.pt\/pt-pt\/wp-json\/wp\/v2\/news-date?post=1396"}],"curies":[{"name":"wp","href":"https:\/\/api.w.org\/{rel}","templated":true}]}}