{"id":2311,"date":"2025-03-13T15:33:27","date_gmt":"2025-03-13T14:33:27","guid":{"rendered":"https:\/\/pact.pt\/news\/pact-promotes-focus-group-in-the-area-of-waste-management-with-regional-entities\/"},"modified":"2025-12-15T12:17:06","modified_gmt":"2025-12-15T11:17:06","slug":"pact-promove-focus-group-na-area-da-gestao-de-residuos-com-entidades-regionais","status":"publish","type":"news","link":"https:\/\/pact.pt\/pt-pt\/news\/pact-promove-focus-group-na-area-da-gestao-de-residuos-com-entidades-regionais\/","title":{"rendered":"PACT promove focus group na \u00e1rea da gest\u00e3o de res\u00edduos com entidades regionais"},"content":{"rendered":"","protected":false},"featured_media":3247,"template":"","news-tags":[271,305,303,277,527,658,317,279,298,543,452,309],"news-date":[659],"class_list":["post-2311","news","type-news","status-publish","has-post-thumbnail","hentry","news-tags-alentejo","news-tags-ciencia","news-tags-economia-circular","news-tags-evora","news-tags-ewaster","news-tags-focus-group","news-tags-inovacao","news-tags-pact","news-tags-projeto","news-tags-residuos-eletronicos","news-tags-sustentabilidade","news-tags-tecnologia","news-date-mai-2025"],"acf":[],"_links":{"self":[{"href":"https:\/\/pact.pt\/pt-pt\/wp-json\/wp\/v2\/news\/2311","targetHints":{"allow":["GET"]}}],"collection":[{"href":"https:\/\/pact.pt\/pt-pt\/wp-json\/wp\/v2\/news"}],"about":[{"href":"https:\/\/pact.pt\/pt-pt\/wp-json\/wp\/v2\/types\/news"}],"wp:featuredmedia":[{"embeddable":true,"href":"https:\/\/pact.pt\/pt-pt\/wp-json\/wp\/v2\/media\/3247"}],"wp:attachment":[{"href":"https:\/\/pact.pt\/pt-pt\/wp-json\/wp\/v2\/media?parent=2311"}],"wp:term":[{"taxonomy":"news-tags","embeddable":true,"href":"https:\/\/pact.pt\/pt-pt\/wp-json\/wp\/v2\/news-tags?post=2311"},{"taxonomy":"news-date","embeddable":true,"href":"https:\/\/pact.pt\/pt-pt\/wp-json\/wp\/v2\/news-date?post=2311"}],"curies":[{"name":"wp","href":"https:\/\/api.w.org\/{rel}","templated":true}]}}