{"id":2445,"date":"2025-03-05T10:55:06","date_gmt":"2025-03-05T09:55:06","guid":{"rendered":"https:\/\/pact.pt\/news\/content-marketing-is-pacts-new-certified-training-course-in-digital-marketing\/"},"modified":"2025-07-25T16:23:15","modified_gmt":"2025-07-25T15:23:15","slug":"marketing-de-conteudo-e-a-nova-formacao-certificada-do-pact-na-area-do-marketing-digital","status":"publish","type":"news","link":"https:\/\/pact.pt\/pt-pt\/news\/marketing-de-conteudo-e-a-nova-formacao-certificada-do-pact-na-area-do-marketing-digital\/","title":{"rendered":"\u201cMarketing de Conte\u00fado\u201d \u00e9 a nova forma\u00e7\u00e3o certificada do PACT na \u00e1rea do Marketing Digital"},"content":{"rendered":"","protected":false},"featured_media":3263,"template":"","news-tags":[605,271,293,305,277,339,457,279,309],"news-date":[214],"class_list":["post-2445","news","type-news","status-publish","has-post-thumbnail","hentry","news-tags-alentegde","news-tags-alentejo","news-tags-capacitacao","news-tags-ciencia","news-tags-evora","news-tags-formacao","news-tags-marketing","news-tags-pact","news-tags-tecnologia","news-date-mar-2025"],"acf":[],"_links":{"self":[{"href":"https:\/\/pact.pt\/pt-pt\/wp-json\/wp\/v2\/news\/2445","targetHints":{"allow":["GET"]}}],"collection":[{"href":"https:\/\/pact.pt\/pt-pt\/wp-json\/wp\/v2\/news"}],"about":[{"href":"https:\/\/pact.pt\/pt-pt\/wp-json\/wp\/v2\/types\/news"}],"wp:featuredmedia":[{"embeddable":true,"href":"https:\/\/pact.pt\/pt-pt\/wp-json\/wp\/v2\/media\/3263"}],"wp:attachment":[{"href":"https:\/\/pact.pt\/pt-pt\/wp-json\/wp\/v2\/media?parent=2445"}],"wp:term":[{"taxonomy":"news-tags","embeddable":true,"href":"https:\/\/pact.pt\/pt-pt\/wp-json\/wp\/v2\/news-tags?post=2445"},{"taxonomy":"news-date","embeddable":true,"href":"https:\/\/pact.pt\/pt-pt\/wp-json\/wp\/v2\/news-date?post=2445"}],"curies":[{"name":"wp","href":"https:\/\/api.w.org\/{rel}","templated":true}]}}