{"id":2949,"date":"2025-06-18T14:25:41","date_gmt":"2025-06-18T13:25:41","guid":{"rendered":"https:\/\/pact.pt\/?post_type=news&#038;p=2949"},"modified":"2025-06-25T16:43:56","modified_gmt":"2025-06-25T15:43:56","slug":"pact-apresenta-o-futuro-na-sua-3o-participacao-na-feira-de-s-joao","status":"publish","type":"news","link":"https:\/\/pact.pt\/pt-pt\/news\/pact-apresenta-o-futuro-na-sua-3o-participacao-na-feira-de-s-joao\/","title":{"rendered":"PACT apresenta o futuro na sua 3\u00ba participa\u00e7\u00e3o na Feira de S. Jo\u00e3o"},"content":{"rendered":"","protected":false},"featured_media":2955,"template":"","news-tags":[685,271,277,686,403,317,279,532,567,309,687,568],"news-date":[684],"class_list":["post-2949","news","type-news","status-publish","has-post-thumbnail","hentry","news-tags-685","news-tags-alentejo","news-tags-evora","news-tags-experiencia-imersiva","news-tags-feira-de-s-joao","news-tags-inovacao","news-tags-pact","news-tags-realidade-virtual","news-tags-simulador","news-tags-tecnologia","news-tags-tecnologia-de-ponta","news-tags-vr","news-date-jun-2025"],"acf":[],"_links":{"self":[{"href":"https:\/\/pact.pt\/pt-pt\/wp-json\/wp\/v2\/news\/2949","targetHints":{"allow":["GET"]}}],"collection":[{"href":"https:\/\/pact.pt\/pt-pt\/wp-json\/wp\/v2\/news"}],"about":[{"href":"https:\/\/pact.pt\/pt-pt\/wp-json\/wp\/v2\/types\/news"}],"wp:featuredmedia":[{"embeddable":true,"href":"https:\/\/pact.pt\/pt-pt\/wp-json\/wp\/v2\/media\/2955"}],"wp:attachment":[{"href":"https:\/\/pact.pt\/pt-pt\/wp-json\/wp\/v2\/media?parent=2949"}],"wp:term":[{"taxonomy":"news-tags","embeddable":true,"href":"https:\/\/pact.pt\/pt-pt\/wp-json\/wp\/v2\/news-tags?post=2949"},{"taxonomy":"news-date","embeddable":true,"href":"https:\/\/pact.pt\/pt-pt\/wp-json\/wp\/v2\/news-date?post=2949"}],"curies":[{"name":"wp","href":"https:\/\/api.w.org\/{rel}","templated":true}]}}