{"id":3461,"date":"2025-08-01T17:05:23","date_gmt":"2025-08-01T16:05:23","guid":{"rendered":"https:\/\/pact.pt\/?post_type=news&#038;p=3461"},"modified":"2025-08-01T17:26:59","modified_gmt":"2025-08-01T16:26:59","slug":"pact-lidera-formacao-europeia-em-inteligencia-artificial-aplicada-a-robotica","status":"publish","type":"news","link":"https:\/\/pact.pt\/pt-pt\/news\/pact-lidera-formacao-europeia-em-inteligencia-artificial-aplicada-a-robotica\/","title":{"rendered":"PACT lidera forma\u00e7\u00e3o europeia em Intelig\u00eancia Artificial aplicada \u00e0 Rob\u00f3tica"},"content":{"rendered":"","protected":false},"featured_media":3462,"template":"","news-tags":[466,593,271,305,595,339,317,700,279,399,398,355,309,580],"news-date":[699],"class_list":["post-3461","news","type-news","status-publish","has-post-thumbnail","hentry","news-tags-ai","news-tags-aira","news-tags-alentejo","news-tags-ciencia","news-tags-deep-tech","news-tags-formacao","news-tags-inovacao","news-tags-inteligencia-artificial","news-tags-pact","news-tags-robotica","news-tags-robotics","news-tags-technology","news-tags-tecnologia","news-tags-training","news-date-ago-2025"],"acf":[],"_links":{"self":[{"href":"https:\/\/pact.pt\/pt-pt\/wp-json\/wp\/v2\/news\/3461","targetHints":{"allow":["GET"]}}],"collection":[{"href":"https:\/\/pact.pt\/pt-pt\/wp-json\/wp\/v2\/news"}],"about":[{"href":"https:\/\/pact.pt\/pt-pt\/wp-json\/wp\/v2\/types\/news"}],"wp:featuredmedia":[{"embeddable":true,"href":"https:\/\/pact.pt\/pt-pt\/wp-json\/wp\/v2\/media\/3462"}],"wp:attachment":[{"href":"https:\/\/pact.pt\/pt-pt\/wp-json\/wp\/v2\/media?parent=3461"}],"wp:term":[{"taxonomy":"news-tags","embeddable":true,"href":"https:\/\/pact.pt\/pt-pt\/wp-json\/wp\/v2\/news-tags?post=3461"},{"taxonomy":"news-date","embeddable":true,"href":"https:\/\/pact.pt\/pt-pt\/wp-json\/wp\/v2\/news-date?post=3461"}],"curies":[{"name":"wp","href":"https:\/\/api.w.org\/{rel}","templated":true}]}}