{"id":3568,"date":"2025-09-16T11:53:49","date_gmt":"2025-09-16T10:53:49","guid":{"rendered":"https:\/\/pact.pt\/?post_type=news&#038;p=3568"},"modified":"2025-09-16T17:01:43","modified_gmt":"2025-09-16T16:01:43","slug":"pact-lidera-transformacao-nacional-de-base-sustentavel-e-ja-foi-distinguido-com-premio-internacional","status":"publish","type":"news","link":"https:\/\/pact.pt\/pt-pt\/news\/pact-lidera-transformacao-nacional-de-base-sustentavel-e-ja-foi-distinguido-com-premio-internacional\/","title":{"rendered":"PACT lidera transforma\u00e7\u00e3o nacional de base sustent\u00e1vel e j\u00e1 foi distinguido com pr\u00e9mio internacional"},"content":{"rendered":"","protected":false},"featured_media":3617,"template":"","news-tags":[271,305,509,715,719,303,377,365,716,277,527,317,718,714,717,279,321,452,309],"news-date":[712],"class_list":["post-3568","news","type-news","status-publish","has-post-thumbnail","hentry","news-tags-alentejo","news-tags-ciencia","news-tags-circulartech","news-tags-comunidade-energetica","news-tags-distincao","news-tags-economia-circular","news-tags-ecossistema","news-tags-empresas","news-tags-energia","news-tags-evora","news-tags-ewaster","news-tags-inovacao","news-tags-inovcircolive","news-tags-neutralidade-carbonica","news-tags-ngs","news-tags-pact","news-tags-premio","news-tags-sustentabilidade","news-tags-tecnologia","news-date-set-2025"],"acf":[],"_links":{"self":[{"href":"https:\/\/pact.pt\/pt-pt\/wp-json\/wp\/v2\/news\/3568","targetHints":{"allow":["GET"]}}],"collection":[{"href":"https:\/\/pact.pt\/pt-pt\/wp-json\/wp\/v2\/news"}],"about":[{"href":"https:\/\/pact.pt\/pt-pt\/wp-json\/wp\/v2\/types\/news"}],"wp:featuredmedia":[{"embeddable":true,"href":"https:\/\/pact.pt\/pt-pt\/wp-json\/wp\/v2\/media\/3617"}],"wp:attachment":[{"href":"https:\/\/pact.pt\/pt-pt\/wp-json\/wp\/v2\/media?parent=3568"}],"wp:term":[{"taxonomy":"news-tags","embeddable":true,"href":"https:\/\/pact.pt\/pt-pt\/wp-json\/wp\/v2\/news-tags?post=3568"},{"taxonomy":"news-date","embeddable":true,"href":"https:\/\/pact.pt\/pt-pt\/wp-json\/wp\/v2\/news-date?post=3568"}],"curies":[{"name":"wp","href":"https:\/\/api.w.org\/{rel}","templated":true}]}}