{"id":3640,"date":"2025-10-08T17:15:22","date_gmt":"2025-10-08T16:15:22","guid":{"rendered":"https:\/\/pact.pt\/?post_type=news&#038;p=3640"},"modified":"2025-10-08T17:17:21","modified_gmt":"2025-10-08T16:17:21","slug":"pact-acolhe-xviii-encontro-iberico-de-parques-de-ciencia-e-tecnologia-e-posiciona-evora-como-referencia-em-inovacao-imersiva","status":"publish","type":"news","link":"https:\/\/pact.pt\/pt-pt\/news\/pact-acolhe-xviii-encontro-iberico-de-parques-de-ciencia-e-tecnologia-e-posiciona-evora-como-referencia-em-inovacao-imersiva\/","title":{"rendered":"PACT acolhe XVIII Encontro Ib\u00e9rico de Parques de Ci\u00eancia e Tecnologia e posiciona \u00c9vora como refer\u00eancia em inova\u00e7\u00e3o imersiva"},"content":{"rendered":"","protected":false},"featured_media":3641,"template":"","news-tags":[459,271,305,540,377,365,727,600,277,726,317,279,724,725,330,309],"news-date":[723],"class_list":["post-3640","news","type-news","status-publish","has-post-thumbnail","hentry","news-tags-academia","news-tags-alentejo","news-tags-ciencia","news-tags-conhecimento","news-tags-ecossistema","news-tags-empresas","news-tags-encontro","news-tags-espanha","news-tags-evora","news-tags-iberico","news-tags-inovacao","news-tags-pact","news-tags-parques-de-ciencia-e-tecnologia","news-tags-pct","news-tags-portugal","news-tags-tecnologia","news-date-out-2025"],"acf":[],"_links":{"self":[{"href":"https:\/\/pact.pt\/pt-pt\/wp-json\/wp\/v2\/news\/3640","targetHints":{"allow":["GET"]}}],"collection":[{"href":"https:\/\/pact.pt\/pt-pt\/wp-json\/wp\/v2\/news"}],"about":[{"href":"https:\/\/pact.pt\/pt-pt\/wp-json\/wp\/v2\/types\/news"}],"wp:featuredmedia":[{"embeddable":true,"href":"https:\/\/pact.pt\/pt-pt\/wp-json\/wp\/v2\/media\/3641"}],"wp:attachment":[{"href":"https:\/\/pact.pt\/pt-pt\/wp-json\/wp\/v2\/media?parent=3640"}],"wp:term":[{"taxonomy":"news-tags","embeddable":true,"href":"https:\/\/pact.pt\/pt-pt\/wp-json\/wp\/v2\/news-tags?post=3640"},{"taxonomy":"news-date","embeddable":true,"href":"https:\/\/pact.pt\/pt-pt\/wp-json\/wp\/v2\/news-date?post=3640"}],"curies":[{"name":"wp","href":"https:\/\/api.w.org\/{rel}","templated":true}]}}