{"id":3654,"date":"2025-10-10T14:54:29","date_gmt":"2025-10-10T13:54:29","guid":{"rendered":"https:\/\/pact.pt\/?post_type=news&#038;p=3654"},"modified":"2025-10-10T14:54:38","modified_gmt":"2025-10-10T13:54:38","slug":"manifesto-de-evora-parques-ibericos-de-ciencia-e-tecnologia-celebram-nova-fase-e-pact-reforca-compromisso-com-desenvolvimento-regional","status":"publish","type":"news","link":"https:\/\/pact.pt\/pt-pt\/news\/manifesto-de-evora-parques-ibericos-de-ciencia-e-tecnologia-celebram-nova-fase-e-pact-reforca-compromisso-com-desenvolvimento-regional\/","title":{"rendered":"Manifesto de \u00c9vora: parques ib\u00e9ricos de ci\u00eancia e tecnologia celebram nova fase, e PACT refor\u00e7a compromisso com desenvolvimento regional"},"content":{"rendered":"","protected":false},"featured_media":3655,"template":"","news-tags":[425,271,305,377,600,277,468,317,730,279,728,729,330,309],"news-date":[723],"class_list":["post-3654","news","type-news","status-publish","has-post-thumbnail","hentry","news-tags-acordo","news-tags-alentejo","news-tags-ciencia","news-tags-ecossistema","news-tags-espanha","news-tags-evora","news-tags-futuro","news-tags-inovacao","news-tags-manifesto-de-evora","news-tags-pact","news-tags-parque-de-ciencia-e-tecnologia","news-tags-parques-ibericos","news-tags-portugal","news-tags-tecnologia","news-date-out-2025"],"acf":[],"_links":{"self":[{"href":"https:\/\/pact.pt\/pt-pt\/wp-json\/wp\/v2\/news\/3654","targetHints":{"allow":["GET"]}}],"collection":[{"href":"https:\/\/pact.pt\/pt-pt\/wp-json\/wp\/v2\/news"}],"about":[{"href":"https:\/\/pact.pt\/pt-pt\/wp-json\/wp\/v2\/types\/news"}],"wp:featuredmedia":[{"embeddable":true,"href":"https:\/\/pact.pt\/pt-pt\/wp-json\/wp\/v2\/media\/3655"}],"wp:attachment":[{"href":"https:\/\/pact.pt\/pt-pt\/wp-json\/wp\/v2\/media?parent=3654"}],"wp:term":[{"taxonomy":"news-tags","embeddable":true,"href":"https:\/\/pact.pt\/pt-pt\/wp-json\/wp\/v2\/news-tags?post=3654"},{"taxonomy":"news-date","embeddable":true,"href":"https:\/\/pact.pt\/pt-pt\/wp-json\/wp\/v2\/news-date?post=3654"}],"curies":[{"name":"wp","href":"https:\/\/api.w.org\/{rel}","templated":true}]}}