{"id":3662,"date":"2025-10-16T09:55:26","date_gmt":"2025-10-16T08:55:26","guid":{"rendered":"https:\/\/pact.pt\/?post_type=news&#038;p=3662"},"modified":"2025-10-16T09:55:34","modified_gmt":"2025-10-16T08:55:34","slug":"estudantes-do-ipbeja-aplicam-inteligencia-artificial-em-robotica-em-programa-de-aceleracao-promovido-pelo-projeto-aira","status":"publish","type":"news","link":"https:\/\/pact.pt\/pt-pt\/news\/estudantes-do-ipbeja-aplicam-inteligencia-artificial-em-robotica-em-programa-de-aceleracao-promovido-pelo-projeto-aira\/","title":{"rendered":"Estudantes do IPBeja aplicam Intelig\u00eancia Artificial em Rob\u00f3tica em programa de acelera\u00e7\u00e3o, promovido pelo projeto AIRA"},"content":{"rendered":"","protected":false},"featured_media":3663,"template":"","news-tags":[593,271,293,305,339,585,317,700,731,279,651,298,399,309],"news-date":[723],"class_list":["post-3662","news","type-news","status-publish","has-post-thumbnail","hentry","news-tags-aira","news-tags-alentejo","news-tags-capacitacao","news-tags-ciencia","news-tags-formacao","news-tags-ia","news-tags-inovacao","news-tags-inteligencia-artificial","news-tags-ipbeja","news-tags-pact","news-tags-programa-de-aceleracao","news-tags-projeto","news-tags-robotica","news-tags-tecnologia","news-date-out-2025"],"acf":[],"_links":{"self":[{"href":"https:\/\/pact.pt\/pt-pt\/wp-json\/wp\/v2\/news\/3662","targetHints":{"allow":["GET"]}}],"collection":[{"href":"https:\/\/pact.pt\/pt-pt\/wp-json\/wp\/v2\/news"}],"about":[{"href":"https:\/\/pact.pt\/pt-pt\/wp-json\/wp\/v2\/types\/news"}],"wp:featuredmedia":[{"embeddable":true,"href":"https:\/\/pact.pt\/pt-pt\/wp-json\/wp\/v2\/media\/3663"}],"wp:attachment":[{"href":"https:\/\/pact.pt\/pt-pt\/wp-json\/wp\/v2\/media?parent=3662"}],"wp:term":[{"taxonomy":"news-tags","embeddable":true,"href":"https:\/\/pact.pt\/pt-pt\/wp-json\/wp\/v2\/news-tags?post=3662"},{"taxonomy":"news-date","embeddable":true,"href":"https:\/\/pact.pt\/pt-pt\/wp-json\/wp\/v2\/news-date?post=3662"}],"curies":[{"name":"wp","href":"https:\/\/api.w.org\/{rel}","templated":true}]}}