{"id":3682,"date":"2025-10-21T17:48:00","date_gmt":"2025-10-21T16:48:00","guid":{"rendered":"https:\/\/pact.pt\/news\/pact-launches-competition-for-ideas-in-robotics-and-artificial-intelligence-under-the-aira-project-2\/"},"modified":"2025-11-19T13:21:11","modified_gmt":"2025-11-19T12:21:11","slug":"pact-lanca-concurso-de-ideias-em-robotica-e-inteligencia-artifical-no-ambito-do-projeto-aira","status":"publish","type":"news","link":"https:\/\/pact.pt\/pt-pt\/news\/pact-lanca-concurso-de-ideias-em-robotica-e-inteligencia-artifical-no-ambito-do-projeto-aira\/","title":{"rendered":"PACT lan\u00e7a Concurso de Ideias em Rob\u00f3tica e Intelig\u00eancia Artificial no \u00e2mbito do projeto AIRA"},"content":{"rendered":"","protected":false},"featured_media":3678,"template":"","news-tags":[466,593,271,305,741,314,277,317,700,279,399,309],"news-date":[723],"class_list":["post-3682","news","type-news","status-publish","has-post-thumbnail","hentry","news-tags-ai","news-tags-aira","news-tags-alentejo","news-tags-ciencia","news-tags-concurso-de-ideias","news-tags-empreendedorismo","news-tags-evora","news-tags-inovacao","news-tags-inteligencia-artificial","news-tags-pact","news-tags-robotica","news-tags-tecnologia","news-date-out-2025"],"acf":[],"_links":{"self":[{"href":"https:\/\/pact.pt\/pt-pt\/wp-json\/wp\/v2\/news\/3682","targetHints":{"allow":["GET"]}}],"collection":[{"href":"https:\/\/pact.pt\/pt-pt\/wp-json\/wp\/v2\/news"}],"about":[{"href":"https:\/\/pact.pt\/pt-pt\/wp-json\/wp\/v2\/types\/news"}],"wp:featuredmedia":[{"embeddable":true,"href":"https:\/\/pact.pt\/pt-pt\/wp-json\/wp\/v2\/media\/3678"}],"wp:attachment":[{"href":"https:\/\/pact.pt\/pt-pt\/wp-json\/wp\/v2\/media?parent=3682"}],"wp:term":[{"taxonomy":"news-tags","embeddable":true,"href":"https:\/\/pact.pt\/pt-pt\/wp-json\/wp\/v2\/news-tags?post=3682"},{"taxonomy":"news-date","embeddable":true,"href":"https:\/\/pact.pt\/pt-pt\/wp-json\/wp\/v2\/news-date?post=3682"}],"curies":[{"name":"wp","href":"https:\/\/api.w.org\/{rel}","templated":true}]}}