{"id":3737,"date":"2025-10-28T17:58:47","date_gmt":"2025-10-28T16:58:47","guid":{"rendered":"https:\/\/pact.pt\/?post_type=news&#038;p=3737"},"modified":"2025-10-28T18:02:33","modified_gmt":"2025-10-28T17:02:33","slug":"curso-para-reforcar-empregabilidade-dos-jovens-no-alentejo-termina-com-sucesso-e-pact-reforca-papel-enquanto-promotor-do-talento-na-regiao","status":"publish","type":"news","link":"https:\/\/pact.pt\/pt-pt\/news\/curso-para-reforcar-empregabilidade-dos-jovens-no-alentejo-termina-com-sucesso-e-pact-reforca-papel-enquanto-promotor-do-talento-na-regiao\/","title":{"rendered":"Curso para refor\u00e7ar empregabilidade dos jovens no Alentejo termina com sucesso e PACT refor\u00e7a papel enquanto promotor do talento na regi\u00e3o"},"content":{"rendered":"","protected":false},"featured_media":3738,"template":"","news-tags":[271,698,293,305,377,382,304,365,277,339,317,279,504,697,309],"news-date":[723],"class_list":["post-3737","news","type-news","status-publish","has-post-thumbnail","hentry","news-tags-alentejo","news-tags-bolsa-de-talentos","news-tags-capacitacao","news-tags-ciencia","news-tags-ecossistema","news-tags-empregabilidade","news-tags-emprego","news-tags-empresas","news-tags-evora","news-tags-formacao","news-tags-inovacao","news-tags-pact","news-tags-synclusive","news-tags-talento","news-tags-tecnologia","news-date-out-2025"],"acf":[],"_links":{"self":[{"href":"https:\/\/pact.pt\/pt-pt\/wp-json\/wp\/v2\/news\/3737","targetHints":{"allow":["GET"]}}],"collection":[{"href":"https:\/\/pact.pt\/pt-pt\/wp-json\/wp\/v2\/news"}],"about":[{"href":"https:\/\/pact.pt\/pt-pt\/wp-json\/wp\/v2\/types\/news"}],"wp:featuredmedia":[{"embeddable":true,"href":"https:\/\/pact.pt\/pt-pt\/wp-json\/wp\/v2\/media\/3738"}],"wp:attachment":[{"href":"https:\/\/pact.pt\/pt-pt\/wp-json\/wp\/v2\/media?parent=3737"}],"wp:term":[{"taxonomy":"news-tags","embeddable":true,"href":"https:\/\/pact.pt\/pt-pt\/wp-json\/wp\/v2\/news-tags?post=3737"},{"taxonomy":"news-date","embeddable":true,"href":"https:\/\/pact.pt\/pt-pt\/wp-json\/wp\/v2\/news-date?post=3737"}],"curies":[{"name":"wp","href":"https:\/\/api.w.org\/{rel}","templated":true}]}}