{"id":3778,"date":"2025-11-13T10:39:56","date_gmt":"2025-11-13T09:39:56","guid":{"rendered":"https:\/\/pact.pt\/?post_type=news&#038;p=3778"},"modified":"2025-11-13T10:40:03","modified_gmt":"2025-11-13T09:40:03","slug":"pact-recebe-visita-de-almirante-gouveia-e-melo-candidato-a-presidencia-da-republica","status":"publish","type":"news","link":"https:\/\/pact.pt\/pt-pt\/news\/pact-recebe-visita-de-almirante-gouveia-e-melo-candidato-a-presidencia-da-republica\/","title":{"rendered":"PACT RECEBE VISITA DE ALMIRANTE GOUVEIA E MELO, CANDIDATO \u00c0 PRESID\u00caNCIA DA REP\u00daBLICA"},"content":{"rendered":"","protected":false},"featured_media":3779,"template":"","news-tags":[459,271,305,540,377,365,277,764,317,279,309,763],"news-date":[761],"class_list":["post-3778","news","type-news","status-publish","has-post-thumbnail","hentry","news-tags-academia","news-tags-alentejo","news-tags-ciencia","news-tags-conhecimento","news-tags-ecossistema","news-tags-empresas","news-tags-evora","news-tags-gouveia-e-melo","news-tags-inovacao","news-tags-pact","news-tags-tecnologia","news-tags-visita","news-date-nov-2025"],"acf":[],"_links":{"self":[{"href":"https:\/\/pact.pt\/pt-pt\/wp-json\/wp\/v2\/news\/3778","targetHints":{"allow":["GET"]}}],"collection":[{"href":"https:\/\/pact.pt\/pt-pt\/wp-json\/wp\/v2\/news"}],"about":[{"href":"https:\/\/pact.pt\/pt-pt\/wp-json\/wp\/v2\/types\/news"}],"wp:featuredmedia":[{"embeddable":true,"href":"https:\/\/pact.pt\/pt-pt\/wp-json\/wp\/v2\/media\/3779"}],"wp:attachment":[{"href":"https:\/\/pact.pt\/pt-pt\/wp-json\/wp\/v2\/media?parent=3778"}],"wp:term":[{"taxonomy":"news-tags","embeddable":true,"href":"https:\/\/pact.pt\/pt-pt\/wp-json\/wp\/v2\/news-tags?post=3778"},{"taxonomy":"news-date","embeddable":true,"href":"https:\/\/pact.pt\/pt-pt\/wp-json\/wp\/v2\/news-date?post=3778"}],"curies":[{"name":"wp","href":"https:\/\/api.w.org\/{rel}","templated":true}]}}