{"id":3801,"date":"2025-11-20T11:16:09","date_gmt":"2025-11-20T10:16:09","guid":{"rendered":"https:\/\/pact.pt\/news\/pact-receives-visit-from-secretary-of-state-for-digitalization\/"},"modified":"2025-11-20T14:05:23","modified_gmt":"2025-11-20T13:05:23","slug":"pact-recebe-visita-de-secretario-de-estado-para-a-digitalizacao","status":"publish","type":"news","link":"https:\/\/pact.pt\/pt-pt\/news\/pact-recebe-visita-de-secretario-de-estado-para-a-digitalizacao\/","title":{"rendered":"PACT recebe visita de Secret\u00e1rio de Estado para a Digitaliza\u00e7\u00e3o"},"content":{"rendered":"","protected":false},"featured_media":3800,"template":"","news-tags":[459,271,596,305,540,570,364,377,365,277,317,432,279,770,309,280,763],"news-date":[761],"class_list":["post-3801","news","type-news","status-publish","has-post-thumbnail","hentry","news-tags-academia","news-tags-alentejo","news-tags-ceiia","news-tags-ciencia","news-tags-conhecimento","news-tags-dectech","news-tags-digitalizacao","news-tags-ecossistema","news-tags-empresas","news-tags-evora","news-tags-inovacao","news-tags-kpmg","news-tags-pact","news-tags-secretario-de-estado","news-tags-tecnologia","news-tags-universidade-de-evora","news-tags-visita","news-date-nov-2025"],"acf":[],"_links":{"self":[{"href":"https:\/\/pact.pt\/pt-pt\/wp-json\/wp\/v2\/news\/3801","targetHints":{"allow":["GET"]}}],"collection":[{"href":"https:\/\/pact.pt\/pt-pt\/wp-json\/wp\/v2\/news"}],"about":[{"href":"https:\/\/pact.pt\/pt-pt\/wp-json\/wp\/v2\/types\/news"}],"wp:featuredmedia":[{"embeddable":true,"href":"https:\/\/pact.pt\/pt-pt\/wp-json\/wp\/v2\/media\/3800"}],"wp:attachment":[{"href":"https:\/\/pact.pt\/pt-pt\/wp-json\/wp\/v2\/media?parent=3801"}],"wp:term":[{"taxonomy":"news-tags","embeddable":true,"href":"https:\/\/pact.pt\/pt-pt\/wp-json\/wp\/v2\/news-tags?post=3801"},{"taxonomy":"news-date","embeddable":true,"href":"https:\/\/pact.pt\/pt-pt\/wp-json\/wp\/v2\/news-date?post=3801"}],"curies":[{"name":"wp","href":"https:\/\/api.w.org\/{rel}","templated":true}]}}