{"id":3833,"date":"2025-11-27T12:16:47","date_gmt":"2025-11-27T11:16:47","guid":{"rendered":"https:\/\/pact.pt\/?post_type=news&#038;p=3833"},"modified":"2025-11-27T12:16:52","modified_gmt":"2025-11-27T11:16:52","slug":"pact-participa-no-festival-da-reparacao-e-da-testemunho-enquanto-lider-do-projeto-ewaster","status":"publish","type":"news","link":"https:\/\/pact.pt\/pt-pt\/news\/pact-participa-no-festival-da-reparacao-e-da-testemunho-enquanto-lider-do-projeto-ewaster\/","title":{"rendered":"PACT participa no Festival da Repara\u00e7\u00e3o e d\u00e1 testemunho enquanto l\u00edder do projeto eWAsTER"},"content":{"rendered":"","protected":false},"featured_media":3834,"template":"","news-tags":[271,305,303,377,277,527,317,784,279,298,558,452,309],"news-date":[761],"class_list":["post-3833","news","type-news","status-publish","has-post-thumbnail","hentry","news-tags-alentejo","news-tags-ciencia","news-tags-economia-circular","news-tags-ecossistema","news-tags-evora","news-tags-ewaster","news-tags-inovacao","news-tags-lixo-eletronico-2","news-tags-pact","news-tags-projeto","news-tags-residuos","news-tags-sustentabilidade","news-tags-tecnologia","news-date-nov-2025"],"acf":[],"_links":{"self":[{"href":"https:\/\/pact.pt\/pt-pt\/wp-json\/wp\/v2\/news\/3833","targetHints":{"allow":["GET"]}}],"collection":[{"href":"https:\/\/pact.pt\/pt-pt\/wp-json\/wp\/v2\/news"}],"about":[{"href":"https:\/\/pact.pt\/pt-pt\/wp-json\/wp\/v2\/types\/news"}],"wp:featuredmedia":[{"embeddable":true,"href":"https:\/\/pact.pt\/pt-pt\/wp-json\/wp\/v2\/media\/3834"}],"wp:attachment":[{"href":"https:\/\/pact.pt\/pt-pt\/wp-json\/wp\/v2\/media?parent=3833"}],"wp:term":[{"taxonomy":"news-tags","embeddable":true,"href":"https:\/\/pact.pt\/pt-pt\/wp-json\/wp\/v2\/news-tags?post=3833"},{"taxonomy":"news-date","embeddable":true,"href":"https:\/\/pact.pt\/pt-pt\/wp-json\/wp\/v2\/news-date?post=3833"}],"curies":[{"name":"wp","href":"https:\/\/api.w.org\/{rel}","templated":true}]}}