{"id":3849,"date":"2025-11-28T18:50:34","date_gmt":"2025-11-28T17:50:34","guid":{"rendered":"https:\/\/pact.pt\/?post_type=news&#038;p=3849"},"modified":"2025-12-02T16:02:25","modified_gmt":"2025-12-02T15:02:25","slug":"2a-edicao-do-bootcamp-universitario-em-hidrogenio-verde-e-empreendedorismo-concluida-com-sucesso","status":"publish","type":"news","link":"https:\/\/pact.pt\/pt-pt\/news\/2a-edicao-do-bootcamp-universitario-em-hidrogenio-verde-e-empreendedorismo-concluida-com-sucesso\/","title":{"rendered":"2\u00aa EDI\u00c7\u00c3O DO BOOTCAMP UNIVERSIT\u00c1RIO EM HIDROG\u00c9NIO VERDE E EMPREENDEDORISMO CONCLU\u00cdDA COM SUCESSO"},"content":{"rendered":"","protected":false},"featured_media":3859,"template":"","news-tags":[271,397,293,305,716,339,604,722,317,789,279,308,298,790,309,445],"news-date":[761],"class_list":["post-3849","news","type-news","status-publish","has-post-thumbnail","hentry","news-tags-alentejo","news-tags-bootcamp","news-tags-capacitacao","news-tags-ciencia","news-tags-energia","news-tags-formacao","news-tags-h2talent","news-tags-hidrogenio-verde","news-tags-inovacao","news-tags-ipp","news-tags-pact","news-tags-portalegre","news-tags-projeto","news-tags-sustentablidade","news-tags-tecnologia","news-tags-transicao-energetica","news-date-nov-2025"],"acf":[],"_links":{"self":[{"href":"https:\/\/pact.pt\/pt-pt\/wp-json\/wp\/v2\/news\/3849","targetHints":{"allow":["GET"]}}],"collection":[{"href":"https:\/\/pact.pt\/pt-pt\/wp-json\/wp\/v2\/news"}],"about":[{"href":"https:\/\/pact.pt\/pt-pt\/wp-json\/wp\/v2\/types\/news"}],"wp:featuredmedia":[{"embeddable":true,"href":"https:\/\/pact.pt\/pt-pt\/wp-json\/wp\/v2\/media\/3859"}],"wp:attachment":[{"href":"https:\/\/pact.pt\/pt-pt\/wp-json\/wp\/v2\/media?parent=3849"}],"wp:term":[{"taxonomy":"news-tags","embeddable":true,"href":"https:\/\/pact.pt\/pt-pt\/wp-json\/wp\/v2\/news-tags?post=3849"},{"taxonomy":"news-date","embeddable":true,"href":"https:\/\/pact.pt\/pt-pt\/wp-json\/wp\/v2\/news-date?post=3849"}],"curies":[{"name":"wp","href":"https:\/\/api.w.org\/{rel}","templated":true}]}}