{"id":3853,"date":"2025-11-28T18:56:21","date_gmt":"2025-11-28T17:56:21","guid":{"rendered":"https:\/\/pact.pt\/?post_type=news&#038;p=3853"},"modified":"2026-03-27T15:17:17","modified_gmt":"2026-03-27T14:17:17","slug":"vencedores-do-concurso-de-ideias-aira-ja-sao-conhecidos-projeto-de-ia-em-robotica-chega-ao-fim","status":"publish","type":"news","link":"https:\/\/pact.pt\/pt-pt\/news\/vencedores-do-concurso-de-ideias-aira-ja-sao-conhecidos-projeto-de-ia-em-robotica-chega-ao-fim\/","title":{"rendered":"Vencedores do Concurso de Ideias AIRA j\u00e1 s\u00e3o conhecidos &#8211; Projeto de IA em Rob\u00f3tica chega ao fim"},"content":{"rendered":"","protected":false},"featured_media":3854,"template":"","news-tags":[593,271,293,305,741,595,314,339,585,317,700,279,298,399,309],"news-date":[761],"class_list":["post-3853","news","type-news","status-publish","has-post-thumbnail","hentry","news-tags-aira","news-tags-alentejo","news-tags-capacitacao","news-tags-ciencia","news-tags-concurso-de-ideias","news-tags-deep-tech","news-tags-empreendedorismo","news-tags-formacao","news-tags-ia","news-tags-inovacao","news-tags-inteligencia-artificial","news-tags-pact","news-tags-projeto","news-tags-robotica","news-tags-tecnologia","news-date-nov-2025"],"acf":[],"_links":{"self":[{"href":"https:\/\/pact.pt\/pt-pt\/wp-json\/wp\/v2\/news\/3853","targetHints":{"allow":["GET"]}}],"collection":[{"href":"https:\/\/pact.pt\/pt-pt\/wp-json\/wp\/v2\/news"}],"about":[{"href":"https:\/\/pact.pt\/pt-pt\/wp-json\/wp\/v2\/types\/news"}],"wp:featuredmedia":[{"embeddable":true,"href":"https:\/\/pact.pt\/pt-pt\/wp-json\/wp\/v2\/media\/3854"}],"wp:attachment":[{"href":"https:\/\/pact.pt\/pt-pt\/wp-json\/wp\/v2\/media?parent=3853"}],"wp:term":[{"taxonomy":"news-tags","embeddable":true,"href":"https:\/\/pact.pt\/pt-pt\/wp-json\/wp\/v2\/news-tags?post=3853"},{"taxonomy":"news-date","embeddable":true,"href":"https:\/\/pact.pt\/pt-pt\/wp-json\/wp\/v2\/news-date?post=3853"}],"curies":[{"name":"wp","href":"https:\/\/api.w.org\/{rel}","templated":true}]}}