{"id":3867,"date":"2025-12-09T18:50:32","date_gmt":"2025-12-09T17:50:32","guid":{"rendered":"https:\/\/pact.pt\/?post_type=news&#038;p=3867"},"modified":"2025-12-09T18:50:39","modified_gmt":"2025-12-09T17:50:39","slug":"pact-reune-com-parceiros-do-projeto-driven-para-workshop-e-reuniao-de-coordenacao","status":"publish","type":"news","link":"https:\/\/pact.pt\/pt-pt\/news\/pact-reune-com-parceiros-do-projeto-driven-para-workshop-e-reuniao-de-coordenacao\/","title":{"rendered":"PACT re\u00fane com parceiros do projeto DRIVEN para workshop e reuni\u00e3o de coordena\u00e7\u00e3o"},"content":{"rendered":"","protected":false},"featured_media":3868,"template":"","news-tags":[271,305,480,377,314,365,481,277,317,557,279,298,309],"news-date":[793],"class_list":["post-3867","news","type-news","status-publish","has-post-thumbnail","hentry","news-tags-alentejo","news-tags-ciencia","news-tags-driven","news-tags-ecossistema","news-tags-empreendedorismo","news-tags-empresas","news-tags-euroace","news-tags-evora","news-tags-inovacao","news-tags-inovacao-aberta","news-tags-pact","news-tags-projeto","news-tags-tecnologia","news-date-dez-2025"],"acf":[],"_links":{"self":[{"href":"https:\/\/pact.pt\/pt-pt\/wp-json\/wp\/v2\/news\/3867","targetHints":{"allow":["GET"]}}],"collection":[{"href":"https:\/\/pact.pt\/pt-pt\/wp-json\/wp\/v2\/news"}],"about":[{"href":"https:\/\/pact.pt\/pt-pt\/wp-json\/wp\/v2\/types\/news"}],"wp:featuredmedia":[{"embeddable":true,"href":"https:\/\/pact.pt\/pt-pt\/wp-json\/wp\/v2\/media\/3868"}],"wp:attachment":[{"href":"https:\/\/pact.pt\/pt-pt\/wp-json\/wp\/v2\/media?parent=3867"}],"wp:term":[{"taxonomy":"news-tags","embeddable":true,"href":"https:\/\/pact.pt\/pt-pt\/wp-json\/wp\/v2\/news-tags?post=3867"},{"taxonomy":"news-date","embeddable":true,"href":"https:\/\/pact.pt\/pt-pt\/wp-json\/wp\/v2\/news-date?post=3867"}],"curies":[{"name":"wp","href":"https:\/\/api.w.org\/{rel}","templated":true}]}}