{"id":3891,"date":"2025-12-18T13:59:29","date_gmt":"2025-12-18T12:59:29","guid":{"rendered":"https:\/\/pact.pt\/?post_type=news&#038;p=3891"},"modified":"2025-12-18T13:59:34","modified_gmt":"2025-12-18T12:59:34","slug":"pact-marca-presenca-na-expoestudante-2025-e-reforca-ligacao-entre-estudantes-e-empresas-do-alentejo","status":"publish","type":"news","link":"https:\/\/pact.pt\/pt-pt\/news\/pact-marca-presenca-na-expoestudante-2025-e-reforca-ligacao-entre-estudantes-e-empresas-do-alentejo\/","title":{"rendered":"PACT marca presen\u00e7a na ExpoEstudante 2025 e refor\u00e7a liga\u00e7\u00e3o entre estudantes e empresas do Alentejo"},"content":{"rendered":"","protected":false},"featured_media":3892,"template":"","news-tags":[459,271,305,377,382,304,365,277,317,279,697,309],"news-date":[793],"class_list":["post-3891","news","type-news","status-publish","has-post-thumbnail","hentry","news-tags-academia","news-tags-alentejo","news-tags-ciencia","news-tags-ecossistema","news-tags-empregabilidade","news-tags-emprego","news-tags-empresas","news-tags-evora","news-tags-inovacao","news-tags-pact","news-tags-talento","news-tags-tecnologia","news-date-dez-2025"],"acf":[],"_links":{"self":[{"href":"https:\/\/pact.pt\/pt-pt\/wp-json\/wp\/v2\/news\/3891","targetHints":{"allow":["GET"]}}],"collection":[{"href":"https:\/\/pact.pt\/pt-pt\/wp-json\/wp\/v2\/news"}],"about":[{"href":"https:\/\/pact.pt\/pt-pt\/wp-json\/wp\/v2\/types\/news"}],"wp:featuredmedia":[{"embeddable":true,"href":"https:\/\/pact.pt\/pt-pt\/wp-json\/wp\/v2\/media\/3892"}],"wp:attachment":[{"href":"https:\/\/pact.pt\/pt-pt\/wp-json\/wp\/v2\/media?parent=3891"}],"wp:term":[{"taxonomy":"news-tags","embeddable":true,"href":"https:\/\/pact.pt\/pt-pt\/wp-json\/wp\/v2\/news-tags?post=3891"},{"taxonomy":"news-date","embeddable":true,"href":"https:\/\/pact.pt\/pt-pt\/wp-json\/wp\/v2\/news-date?post=3891"}],"curies":[{"name":"wp","href":"https:\/\/api.w.org\/{rel}","templated":true}]}}