{"id":3919,"date":"2026-01-09T10:58:46","date_gmt":"2026-01-09T09:58:46","guid":{"rendered":"https:\/\/pact.pt\/?post_type=news&#038;p=3919"},"modified":"2026-01-28T11:52:25","modified_gmt":"2026-01-28T10:52:25","slug":"pact-conquista-premio-internacional-e-reforca-a-ciencia-como-pilar-estrategico","status":"publish","type":"news","link":"https:\/\/pact.pt\/pt-pt\/news\/pact-conquista-premio-internacional-e-reforca-a-ciencia-como-pilar-estrategico\/","title":{"rendered":"PACT conquista pr\u00e9mio internacional e refor\u00e7a a ci\u00eancia como pilar estrat\u00e9gico"},"content":{"rendered":"","protected":false},"featured_media":3920,"template":"","news-tags":[271,804,800,305,805,540,314,802,277,317,358,447,279,803,309],"news-date":[806],"class_list":["post-3919","news","type-news","status-publish","has-post-thumbnail","hentry","news-tags-alentejo","news-tags-artigo","news-tags-bricolage","news-tags-ciencia","news-tags-cientifico","news-tags-conhecimento","news-tags-empreendedorismo","news-tags-estrategia","news-tags-evora","news-tags-inovacao","news-tags-internacional","news-tags-investigacao","news-tags-pact","news-tags-paper","news-tags-tecnologia","news-date-jan-2026"],"acf":[],"_links":{"self":[{"href":"https:\/\/pact.pt\/pt-pt\/wp-json\/wp\/v2\/news\/3919","targetHints":{"allow":["GET"]}}],"collection":[{"href":"https:\/\/pact.pt\/pt-pt\/wp-json\/wp\/v2\/news"}],"about":[{"href":"https:\/\/pact.pt\/pt-pt\/wp-json\/wp\/v2\/types\/news"}],"wp:featuredmedia":[{"embeddable":true,"href":"https:\/\/pact.pt\/pt-pt\/wp-json\/wp\/v2\/media\/3920"}],"wp:attachment":[{"href":"https:\/\/pact.pt\/pt-pt\/wp-json\/wp\/v2\/media?parent=3919"}],"wp:term":[{"taxonomy":"news-tags","embeddable":true,"href":"https:\/\/pact.pt\/pt-pt\/wp-json\/wp\/v2\/news-tags?post=3919"},{"taxonomy":"news-date","embeddable":true,"href":"https:\/\/pact.pt\/pt-pt\/wp-json\/wp\/v2\/news-date?post=3919"}],"curies":[{"name":"wp","href":"https:\/\/api.w.org\/{rel}","templated":true}]}}