{"id":4008,"date":"2026-02-11T13:35:55","date_gmt":"2026-02-11T12:35:55","guid":{"rendered":"https:\/\/pact.pt\/?post_type=news&#038;p=4008"},"modified":"2026-02-11T18:33:33","modified_gmt":"2026-02-11T17:33:33","slug":"e-aqui-que-o-futuro-encontra-espaco-para-comecar","status":"publish","type":"news","link":"https:\/\/pact.pt\/pt-pt\/news\/e-aqui-que-o-futuro-encontra-espaco-para-comecar\/","title":{"rendered":"\u00c9 aqui que o futuro encontra espa\u00e7o para come\u00e7ar!"},"content":{"rendered":"","protected":false},"featured_media":3629,"template":"","news-tags":[271,305,377,314,365,277,317,279,309],"news-date":[817],"class_list":["post-4008","news","type-news","status-publish","has-post-thumbnail","hentry","news-tags-alentejo","news-tags-ciencia","news-tags-ecossistema","news-tags-empreendedorismo","news-tags-empresas","news-tags-evora","news-tags-inovacao","news-tags-pact","news-tags-tecnologia","news-date-fev-2026"],"acf":[],"_links":{"self":[{"href":"https:\/\/pact.pt\/pt-pt\/wp-json\/wp\/v2\/news\/4008","targetHints":{"allow":["GET"]}}],"collection":[{"href":"https:\/\/pact.pt\/pt-pt\/wp-json\/wp\/v2\/news"}],"about":[{"href":"https:\/\/pact.pt\/pt-pt\/wp-json\/wp\/v2\/types\/news"}],"wp:featuredmedia":[{"embeddable":true,"href":"https:\/\/pact.pt\/pt-pt\/wp-json\/wp\/v2\/media\/3629"}],"wp:attachment":[{"href":"https:\/\/pact.pt\/pt-pt\/wp-json\/wp\/v2\/media?parent=4008"}],"wp:term":[{"taxonomy":"news-tags","embeddable":true,"href":"https:\/\/pact.pt\/pt-pt\/wp-json\/wp\/v2\/news-tags?post=4008"},{"taxonomy":"news-date","embeddable":true,"href":"https:\/\/pact.pt\/pt-pt\/wp-json\/wp\/v2\/news-date?post=4008"}],"curies":[{"name":"wp","href":"https:\/\/api.w.org\/{rel}","templated":true}]}}