{"id":4037,"date":"2026-02-26T17:13:08","date_gmt":"2026-02-26T16:13:08","guid":{"rendered":"https:\/\/pact.pt\/?post_type=news&#038;p=4037"},"modified":"2026-02-27T11:05:57","modified_gmt":"2026-02-27T10:05:57","slug":"pact-reforca-compromisso-com-a-economia-azul-com-participacao-em-conferencia-no-ambito-do-projeto-alentejo-azul","status":"publish","type":"news","link":"https:\/\/pact.pt\/pt-pt\/news\/pact-reforca-compromisso-com-a-economia-azul-com-participacao-em-conferencia-no-ambito-do-projeto-alentejo-azul\/","title":{"rendered":"PACT refor\u00e7a compromisso com a Economia Azul com participa\u00e7\u00e3o em confer\u00eancia, no \u00e2mbito do projeto Alentejo Azul"},"content":{"rendered":"","protected":false},"featured_media":4040,"template":"","news-tags":[823,271,825,305,827,828,317,279,298,826,309],"news-date":[817],"class_list":["post-4037","news","type-news","status-publish","has-post-thumbnail","hentry","news-tags-agua","news-tags-alentejo","news-tags-alentejo-azul","news-tags-ciencia","news-tags-conferencia-2","news-tags-economia-azul","news-tags-inovacao","news-tags-pact","news-tags-projeto","news-tags-recursos-hidricos","news-tags-tecnologia","news-date-fev-2026"],"acf":[],"_links":{"self":[{"href":"https:\/\/pact.pt\/pt-pt\/wp-json\/wp\/v2\/news\/4037","targetHints":{"allow":["GET"]}}],"collection":[{"href":"https:\/\/pact.pt\/pt-pt\/wp-json\/wp\/v2\/news"}],"about":[{"href":"https:\/\/pact.pt\/pt-pt\/wp-json\/wp\/v2\/types\/news"}],"wp:featuredmedia":[{"embeddable":true,"href":"https:\/\/pact.pt\/pt-pt\/wp-json\/wp\/v2\/media\/4040"}],"wp:attachment":[{"href":"https:\/\/pact.pt\/pt-pt\/wp-json\/wp\/v2\/media?parent=4037"}],"wp:term":[{"taxonomy":"news-tags","embeddable":true,"href":"https:\/\/pact.pt\/pt-pt\/wp-json\/wp\/v2\/news-tags?post=4037"},{"taxonomy":"news-date","embeddable":true,"href":"https:\/\/pact.pt\/pt-pt\/wp-json\/wp\/v2\/news-date?post=4037"}],"curies":[{"name":"wp","href":"https:\/\/api.w.org\/{rel}","templated":true}]}}