{"id":805,"date":"2018-02-09T19:03:00","date_gmt":"2018-02-09T19:03:00","guid":{"rendered":"https:\/\/pact.pt\/news\/acordo-de-cooperacao-entre-9-universidades-assinado-em-evora\/"},"modified":"2025-03-11T18:22:58","modified_gmt":"2025-03-11T18:22:58","slug":"acordo-de-cooperacao-entre-9-universidades-assinado-em-evora","status":"publish","type":"news","link":"https:\/\/pact.pt\/pt-pt\/news\/acordo-de-cooperacao-entre-9-universidades-assinado-em-evora\/","title":{"rendered":"Acordo de Coopera\u00e7\u00e3o Entre 9 Universidades Assinado em \u00c9vora"},"content":{"rendered":"","protected":false},"featured_media":977,"template":"","news-tags":[],"news-date":[266],"class_list":["post-805","news","type-news","status-publish","has-post-thumbnail","hentry","news-date-fev-2018"],"acf":[],"_links":{"self":[{"href":"https:\/\/pact.pt\/pt-pt\/wp-json\/wp\/v2\/news\/805","targetHints":{"allow":["GET"]}}],"collection":[{"href":"https:\/\/pact.pt\/pt-pt\/wp-json\/wp\/v2\/news"}],"about":[{"href":"https:\/\/pact.pt\/pt-pt\/wp-json\/wp\/v2\/types\/news"}],"wp:featuredmedia":[{"embeddable":true,"href":"https:\/\/pact.pt\/pt-pt\/wp-json\/wp\/v2\/media\/977"}],"wp:attachment":[{"href":"https:\/\/pact.pt\/pt-pt\/wp-json\/wp\/v2\/media?parent=805"}],"wp:term":[{"taxonomy":"news-tags","embeddable":true,"href":"https:\/\/pact.pt\/pt-pt\/wp-json\/wp\/v2\/news-tags?post=805"},{"taxonomy":"news-date","embeddable":true,"href":"https:\/\/pact.pt\/pt-pt\/wp-json\/wp\/v2\/news-date?post=805"}],"curies":[{"name":"wp","href":"https:\/\/api.w.org\/{rel}","templated":true}]}}