{"id":806,"date":"2018-05-19T19:04:00","date_gmt":"2018-05-19T19:04:00","guid":{"rendered":"https:\/\/pact.pt\/news\/evora-quer-60-empresas-tecnologicas-da-saude-e-aeronautica\/"},"modified":"2025-03-11T18:27:50","modified_gmt":"2025-03-11T18:27:50","slug":"evora-quer-60-empresas-tecnologicas-da-saude-e-aeronautica","status":"publish","type":"news","link":"https:\/\/pact.pt\/pt-pt\/news\/evora-quer-60-empresas-tecnologicas-da-saude-e-aeronautica\/","title":{"rendered":"\u00c9vora quer 60 empresas tecnol\u00f3gicas, da sa\u00fade e aeron\u00e1utica"},"content":{"rendered":"","protected":false},"featured_media":981,"template":"","news-tags":[],"news-date":[265],"class_list":["post-806","news","type-news","status-publish","has-post-thumbnail","hentry","news-date-mai-2018"],"acf":[],"_links":{"self":[{"href":"https:\/\/pact.pt\/pt-pt\/wp-json\/wp\/v2\/news\/806","targetHints":{"allow":["GET"]}}],"collection":[{"href":"https:\/\/pact.pt\/pt-pt\/wp-json\/wp\/v2\/news"}],"about":[{"href":"https:\/\/pact.pt\/pt-pt\/wp-json\/wp\/v2\/types\/news"}],"wp:featuredmedia":[{"embeddable":true,"href":"https:\/\/pact.pt\/pt-pt\/wp-json\/wp\/v2\/media\/981"}],"wp:attachment":[{"href":"https:\/\/pact.pt\/pt-pt\/wp-json\/wp\/v2\/media?parent=806"}],"wp:term":[{"taxonomy":"news-tags","embeddable":true,"href":"https:\/\/pact.pt\/pt-pt\/wp-json\/wp\/v2\/news-tags?post=806"},{"taxonomy":"news-date","embeddable":true,"href":"https:\/\/pact.pt\/pt-pt\/wp-json\/wp\/v2\/news-date?post=806"}],"curies":[{"name":"wp","href":"https:\/\/api.w.org\/{rel}","templated":true}]}}