{"id":809,"date":"2020-02-14T19:47:00","date_gmt":"2020-02-14T19:47:00","guid":{"rendered":"https:\/\/pact.pt\/news\/inteligencia-artificial-e-as-suas-aplicacoes\/"},"modified":"2025-03-11T22:05:22","modified_gmt":"2025-03-11T22:05:22","slug":"inteligencia-artificial-e-as-suas-aplicacoes","status":"publish","type":"news","link":"https:\/\/pact.pt\/pt-pt\/news\/inteligencia-artificial-e-as-suas-aplicacoes\/","title":{"rendered":"Intelig\u00eancia Artificial e as suas aplica\u00e7\u00f5es"},"content":{"rendered":"","protected":false},"featured_media":988,"template":"","news-tags":[],"news-date":[263],"class_list":["post-809","news","type-news","status-publish","has-post-thumbnail","hentry","news-date-fev-2020"],"acf":[],"_links":{"self":[{"href":"https:\/\/pact.pt\/pt-pt\/wp-json\/wp\/v2\/news\/809","targetHints":{"allow":["GET"]}}],"collection":[{"href":"https:\/\/pact.pt\/pt-pt\/wp-json\/wp\/v2\/news"}],"about":[{"href":"https:\/\/pact.pt\/pt-pt\/wp-json\/wp\/v2\/types\/news"}],"wp:featuredmedia":[{"embeddable":true,"href":"https:\/\/pact.pt\/pt-pt\/wp-json\/wp\/v2\/media\/988"}],"wp:attachment":[{"href":"https:\/\/pact.pt\/pt-pt\/wp-json\/wp\/v2\/media?parent=809"}],"wp:term":[{"taxonomy":"news-tags","embeddable":true,"href":"https:\/\/pact.pt\/pt-pt\/wp-json\/wp\/v2\/news-tags?post=809"},{"taxonomy":"news-date","embeddable":true,"href":"https:\/\/pact.pt\/pt-pt\/wp-json\/wp\/v2\/news-date?post=809"}],"curies":[{"name":"wp","href":"https:\/\/api.w.org\/{rel}","templated":true}]}}