{"id":812,"date":"2020-03-11T19:47:00","date_gmt":"2020-03-11T19:47:00","guid":{"rendered":"https:\/\/pact.pt\/news\/sessao-de-esclarecimentos-e-apresentacao-do-plano-de-contingencia-do-coronavirus\/"},"modified":"2025-03-11T22:17:36","modified_gmt":"2025-03-11T22:17:36","slug":"sessao-de-esclarecimentos-e-apresentacao-do-plano-de-contingencia-do-coronavirus","status":"publish","type":"news","link":"https:\/\/pact.pt\/pt-pt\/news\/sessao-de-esclarecimentos-e-apresentacao-do-plano-de-contingencia-do-coronavirus\/","title":{"rendered":"Sess\u00e3o de Esclarecimentos e Apresenta\u00e7\u00e3o do Plano de Conting\u00eancia do Coronav\u00edrus"},"content":{"rendered":"","protected":false},"featured_media":994,"template":"","news-tags":[],"news-date":[262],"class_list":["post-812","news","type-news","status-publish","has-post-thumbnail","hentry","news-date-mar-2020"],"acf":[],"_links":{"self":[{"href":"https:\/\/pact.pt\/pt-pt\/wp-json\/wp\/v2\/news\/812","targetHints":{"allow":["GET"]}}],"collection":[{"href":"https:\/\/pact.pt\/pt-pt\/wp-json\/wp\/v2\/news"}],"about":[{"href":"https:\/\/pact.pt\/pt-pt\/wp-json\/wp\/v2\/types\/news"}],"wp:featuredmedia":[{"embeddable":true,"href":"https:\/\/pact.pt\/pt-pt\/wp-json\/wp\/v2\/media\/994"}],"wp:attachment":[{"href":"https:\/\/pact.pt\/pt-pt\/wp-json\/wp\/v2\/media?parent=812"}],"wp:term":[{"taxonomy":"news-tags","embeddable":true,"href":"https:\/\/pact.pt\/pt-pt\/wp-json\/wp\/v2\/news-tags?post=812"},{"taxonomy":"news-date","embeddable":true,"href":"https:\/\/pact.pt\/pt-pt\/wp-json\/wp\/v2\/news-date?post=812"}],"curies":[{"name":"wp","href":"https:\/\/api.w.org\/{rel}","templated":true}]}}