{"id":821,"date":"2020-06-05T19:47:00","date_gmt":"2020-06-05T19:47:00","guid":{"rendered":"https:\/\/pact.pt\/news\/relatorio-covid-19-accao-estrategica-pact\/"},"modified":"2025-03-11T22:41:02","modified_gmt":"2025-03-11T22:41:02","slug":"relatorio-covid-19-accao-estrategica-pact","status":"publish","type":"news","link":"https:\/\/pact.pt\/pt-pt\/news\/relatorio-covid-19-accao-estrategica-pact\/","title":{"rendered":"Relat\u00f3rio COVID-19: Ac\u00e7\u00e3o Estrat\u00e9gica PACT"},"content":{"rendered":"","protected":false},"featured_media":1012,"template":"","news-tags":[],"news-date":[259],"class_list":["post-821","news","type-news","status-publish","has-post-thumbnail","hentry","news-date-jun-2020"],"acf":[],"_links":{"self":[{"href":"https:\/\/pact.pt\/pt-pt\/wp-json\/wp\/v2\/news\/821","targetHints":{"allow":["GET"]}}],"collection":[{"href":"https:\/\/pact.pt\/pt-pt\/wp-json\/wp\/v2\/news"}],"about":[{"href":"https:\/\/pact.pt\/pt-pt\/wp-json\/wp\/v2\/types\/news"}],"wp:featuredmedia":[{"embeddable":true,"href":"https:\/\/pact.pt\/pt-pt\/wp-json\/wp\/v2\/media\/1012"}],"wp:attachment":[{"href":"https:\/\/pact.pt\/pt-pt\/wp-json\/wp\/v2\/media?parent=821"}],"wp:term":[{"taxonomy":"news-tags","embeddable":true,"href":"https:\/\/pact.pt\/pt-pt\/wp-json\/wp\/v2\/news-tags?post=821"},{"taxonomy":"news-date","embeddable":true,"href":"https:\/\/pact.pt\/pt-pt\/wp-json\/wp\/v2\/news-date?post=821"}],"curies":[{"name":"wp","href":"https:\/\/api.w.org\/{rel}","templated":true}]}}