{"id":823,"date":"2020-06-17T19:47:00","date_gmt":"2020-06-17T19:47:00","guid":{"rendered":"https:\/\/pact.pt\/news\/solucoes-e-desafios-para-uma-gestao-empresarial-mais-eficiente\/"},"modified":"2025-03-11T22:55:41","modified_gmt":"2025-03-11T22:55:41","slug":"solucoes-e-desafios-para-uma-gestao-empresarial-mais-eficiente","status":"publish","type":"news","link":"https:\/\/pact.pt\/pt-pt\/news\/solucoes-e-desafios-para-uma-gestao-empresarial-mais-eficiente\/","title":{"rendered":"Solu\u00e7\u00f5es e Desafios para uma Gest\u00e3o Empresarial mais Eficiente"},"content":{"rendered":"","protected":false},"featured_media":1016,"template":"","news-tags":[],"news-date":[259],"class_list":["post-823","news","type-news","status-publish","has-post-thumbnail","hentry","news-date-jun-2020"],"acf":[],"_links":{"self":[{"href":"https:\/\/pact.pt\/pt-pt\/wp-json\/wp\/v2\/news\/823","targetHints":{"allow":["GET"]}}],"collection":[{"href":"https:\/\/pact.pt\/pt-pt\/wp-json\/wp\/v2\/news"}],"about":[{"href":"https:\/\/pact.pt\/pt-pt\/wp-json\/wp\/v2\/types\/news"}],"wp:featuredmedia":[{"embeddable":true,"href":"https:\/\/pact.pt\/pt-pt\/wp-json\/wp\/v2\/media\/1016"}],"wp:attachment":[{"href":"https:\/\/pact.pt\/pt-pt\/wp-json\/wp\/v2\/media?parent=823"}],"wp:term":[{"taxonomy":"news-tags","embeddable":true,"href":"https:\/\/pact.pt\/pt-pt\/wp-json\/wp\/v2\/news-tags?post=823"},{"taxonomy":"news-date","embeddable":true,"href":"https:\/\/pact.pt\/pt-pt\/wp-json\/wp\/v2\/news-date?post=823"}],"curies":[{"name":"wp","href":"https:\/\/api.w.org\/{rel}","templated":true}]}}