{"id":832,"date":"2020-12-11T19:47:00","date_gmt":"2020-12-11T19:47:00","guid":{"rendered":"https:\/\/pact.pt\/news\/pact-organiza-a-2a-edicao-do-bootcamp-de-robotica-para-alunos-do-secundario\/"},"modified":"2025-03-11T23:13:58","modified_gmt":"2025-03-11T23:13:58","slug":"pact-organiza-a-2a-edicao-do-bootcamp-de-robotica-para-alunos-do-secundario","status":"publish","type":"news","link":"https:\/\/pact.pt\/pt-pt\/news\/pact-organiza-a-2a-edicao-do-bootcamp-de-robotica-para-alunos-do-secundario\/","title":{"rendered":"PACT Organiza a 2\u00aa Edi\u00e7\u00e3o do Bootcamp de Rob\u00f3tica para Alunos do Secund\u00e1rio"},"content":{"rendered":"","protected":false},"featured_media":1034,"template":"","news-tags":[],"news-date":[255],"class_list":["post-832","news","type-news","status-publish","has-post-thumbnail","hentry","news-date-dez-2020"],"acf":[],"_links":{"self":[{"href":"https:\/\/pact.pt\/pt-pt\/wp-json\/wp\/v2\/news\/832","targetHints":{"allow":["GET"]}}],"collection":[{"href":"https:\/\/pact.pt\/pt-pt\/wp-json\/wp\/v2\/news"}],"about":[{"href":"https:\/\/pact.pt\/pt-pt\/wp-json\/wp\/v2\/types\/news"}],"wp:featuredmedia":[{"embeddable":true,"href":"https:\/\/pact.pt\/pt-pt\/wp-json\/wp\/v2\/media\/1034"}],"wp:attachment":[{"href":"https:\/\/pact.pt\/pt-pt\/wp-json\/wp\/v2\/media?parent=832"}],"wp:term":[{"taxonomy":"news-tags","embeddable":true,"href":"https:\/\/pact.pt\/pt-pt\/wp-json\/wp\/v2\/news-tags?post=832"},{"taxonomy":"news-date","embeddable":true,"href":"https:\/\/pact.pt\/pt-pt\/wp-json\/wp\/v2\/news-date?post=832"}],"curies":[{"name":"wp","href":"https:\/\/api.w.org\/{rel}","templated":true}]}}