{"id":834,"date":"2021-02-03T19:47:00","date_gmt":"2021-02-03T19:47:00","guid":{"rendered":"https:\/\/pact.pt\/news\/pact-lanca-concurso-para-a-construcao-de-novo-edificio\/"},"modified":"2025-03-11T23:16:26","modified_gmt":"2025-03-11T23:16:26","slug":"pact-lanca-concurso-para-a-construcao-de-novo-edificio","status":"publish","type":"news","link":"https:\/\/pact.pt\/pt-pt\/news\/pact-lanca-concurso-para-a-construcao-de-novo-edificio\/","title":{"rendered":"PACT lan\u00e7a concurso para a constru\u00e7\u00e3o de novo edif\u00edcio"},"content":{"rendered":"","protected":false},"featured_media":1038,"template":"","news-tags":[],"news-date":[254],"class_list":["post-834","news","type-news","status-publish","has-post-thumbnail","hentry","news-date-fev-2021"],"acf":[],"_links":{"self":[{"href":"https:\/\/pact.pt\/pt-pt\/wp-json\/wp\/v2\/news\/834","targetHints":{"allow":["GET"]}}],"collection":[{"href":"https:\/\/pact.pt\/pt-pt\/wp-json\/wp\/v2\/news"}],"about":[{"href":"https:\/\/pact.pt\/pt-pt\/wp-json\/wp\/v2\/types\/news"}],"wp:featuredmedia":[{"embeddable":true,"href":"https:\/\/pact.pt\/pt-pt\/wp-json\/wp\/v2\/media\/1038"}],"wp:attachment":[{"href":"https:\/\/pact.pt\/pt-pt\/wp-json\/wp\/v2\/media?parent=834"}],"wp:term":[{"taxonomy":"news-tags","embeddable":true,"href":"https:\/\/pact.pt\/pt-pt\/wp-json\/wp\/v2\/news-tags?post=834"},{"taxonomy":"news-date","embeddable":true,"href":"https:\/\/pact.pt\/pt-pt\/wp-json\/wp\/v2\/news-date?post=834"}],"curies":[{"name":"wp","href":"https:\/\/api.w.org\/{rel}","templated":true}]}}