{"id":844,"date":"2021-04-27T19:47:00","date_gmt":"2021-04-27T19:47:00","guid":{"rendered":"https:\/\/pact.pt\/news\/pact-talks-empreendedorismo-sustentabilidade-e-digitalizacao-em-discussao\/"},"modified":"2025-03-12T14:29:00","modified_gmt":"2025-03-12T14:29:00","slug":"pact-talks-empreendedorismo-sustentabilidade-e-digitalizacao-em-discussao","status":"publish","type":"news","link":"https:\/\/pact.pt\/pt-pt\/news\/pact-talks-empreendedorismo-sustentabilidade-e-digitalizacao-em-discussao\/","title":{"rendered":"PACT Talks: Empreendedorismo, Sustentabilidade e Digitaliza\u00e7\u00e3o em discuss\u00e3o"},"content":{"rendered":"","protected":false},"featured_media":1058,"template":"","news-tags":[],"news-date":[252],"class_list":["post-844","news","type-news","status-publish","has-post-thumbnail","hentry","news-date-abr-2021"],"acf":[],"_links":{"self":[{"href":"https:\/\/pact.pt\/pt-pt\/wp-json\/wp\/v2\/news\/844","targetHints":{"allow":["GET"]}}],"collection":[{"href":"https:\/\/pact.pt\/pt-pt\/wp-json\/wp\/v2\/news"}],"about":[{"href":"https:\/\/pact.pt\/pt-pt\/wp-json\/wp\/v2\/types\/news"}],"wp:featuredmedia":[{"embeddable":true,"href":"https:\/\/pact.pt\/pt-pt\/wp-json\/wp\/v2\/media\/1058"}],"wp:attachment":[{"href":"https:\/\/pact.pt\/pt-pt\/wp-json\/wp\/v2\/media?parent=844"}],"wp:term":[{"taxonomy":"news-tags","embeddable":true,"href":"https:\/\/pact.pt\/pt-pt\/wp-json\/wp\/v2\/news-tags?post=844"},{"taxonomy":"news-date","embeddable":true,"href":"https:\/\/pact.pt\/pt-pt\/wp-json\/wp\/v2\/news-date?post=844"}],"curies":[{"name":"wp","href":"https:\/\/api.w.org\/{rel}","templated":true}]}}