{"id":847,"date":"2021-06-11T19:47:00","date_gmt":"2021-06-11T19:47:00","guid":{"rendered":"https:\/\/pact.pt\/news\/pact-promove-3a-edicao-do-bootcamp-de-robotica\/"},"modified":"2025-03-12T14:37:35","modified_gmt":"2025-03-12T14:37:35","slug":"pact-promove-3a-edicao-do-bootcamp-de-robotica","status":"publish","type":"news","link":"https:\/\/pact.pt\/pt-pt\/news\/pact-promove-3a-edicao-do-bootcamp-de-robotica\/","title":{"rendered":"PACT promove 3\u00aa edi\u00e7\u00e3o do Bootcamp de Rob\u00f3tica"},"content":{"rendered":"","protected":false},"featured_media":1064,"template":"","news-tags":[],"news-date":[250],"class_list":["post-847","news","type-news","status-publish","has-post-thumbnail","hentry","news-date-jun-2021"],"acf":[],"_links":{"self":[{"href":"https:\/\/pact.pt\/pt-pt\/wp-json\/wp\/v2\/news\/847","targetHints":{"allow":["GET"]}}],"collection":[{"href":"https:\/\/pact.pt\/pt-pt\/wp-json\/wp\/v2\/news"}],"about":[{"href":"https:\/\/pact.pt\/pt-pt\/wp-json\/wp\/v2\/types\/news"}],"wp:featuredmedia":[{"embeddable":true,"href":"https:\/\/pact.pt\/pt-pt\/wp-json\/wp\/v2\/media\/1064"}],"wp:attachment":[{"href":"https:\/\/pact.pt\/pt-pt\/wp-json\/wp\/v2\/media?parent=847"}],"wp:term":[{"taxonomy":"news-tags","embeddable":true,"href":"https:\/\/pact.pt\/pt-pt\/wp-json\/wp\/v2\/news-tags?post=847"},{"taxonomy":"news-date","embeddable":true,"href":"https:\/\/pact.pt\/pt-pt\/wp-json\/wp\/v2\/news-date?post=847"}],"curies":[{"name":"wp","href":"https:\/\/api.w.org\/{rel}","templated":true}]}}