{"id":849,"date":"2021-06-27T19:47:00","date_gmt":"2021-06-27T19:47:00","guid":{"rendered":"https:\/\/pact.pt\/news\/terceira-edicao-do-bootcamp-de-robotica-pact-chega-ao-fim-e-deixa-uma-questao-quando-e-a-proxima\/"},"modified":"2025-03-12T14:38:50","modified_gmt":"2025-03-12T14:38:50","slug":"terceira-edicao-do-bootcamp-de-robotica-pact-chega-ao-fim-e-deixa-uma-questao-quando-e-a-proxima","status":"publish","type":"news","link":"https:\/\/pact.pt\/pt-pt\/news\/terceira-edicao-do-bootcamp-de-robotica-pact-chega-ao-fim-e-deixa-uma-questao-quando-e-a-proxima\/","title":{"rendered":"Terceira edi\u00e7\u00e3o do bootcamp de rob\u00f3tica PACT chega ao fim e deixa uma quest\u00e3o: quando \u00e9 a pr\u00f3xima?"},"content":{"rendered":"","protected":false},"featured_media":1068,"template":"","news-tags":[],"news-date":[249],"class_list":["post-849","news","type-news","status-publish","has-post-thumbnail","hentry","news-date-jul-2021"],"acf":[],"_links":{"self":[{"href":"https:\/\/pact.pt\/pt-pt\/wp-json\/wp\/v2\/news\/849","targetHints":{"allow":["GET"]}}],"collection":[{"href":"https:\/\/pact.pt\/pt-pt\/wp-json\/wp\/v2\/news"}],"about":[{"href":"https:\/\/pact.pt\/pt-pt\/wp-json\/wp\/v2\/types\/news"}],"wp:featuredmedia":[{"embeddable":true,"href":"https:\/\/pact.pt\/pt-pt\/wp-json\/wp\/v2\/media\/1068"}],"wp:attachment":[{"href":"https:\/\/pact.pt\/pt-pt\/wp-json\/wp\/v2\/media?parent=849"}],"wp:term":[{"taxonomy":"news-tags","embeddable":true,"href":"https:\/\/pact.pt\/pt-pt\/wp-json\/wp\/v2\/news-tags?post=849"},{"taxonomy":"news-date","embeddable":true,"href":"https:\/\/pact.pt\/pt-pt\/wp-json\/wp\/v2\/news-date?post=849"}],"curies":[{"name":"wp","href":"https:\/\/api.w.org\/{rel}","templated":true}]}}