{"id":855,"date":"2021-11-24T19:47:00","date_gmt":"2021-11-24T19:47:00","guid":{"rendered":"https:\/\/pact.pt\/news\/open-day-um-ponto-de-encontro-para-todos-os-que-tem-interesse-nas-areas-da-inovacao-tecnologia-e-empreendedorismo\/"},"modified":"2025-03-12T14:47:07","modified_gmt":"2025-03-12T14:47:07","slug":"open-day-um-ponto-de-encontro-para-todos-os-que-tem-interesse-nas-areas-da-inovacao-tecnologia-e-empreendedorismo","status":"publish","type":"news","link":"https:\/\/pact.pt\/pt-pt\/news\/open-day-um-ponto-de-encontro-para-todos-os-que-tem-interesse-nas-areas-da-inovacao-tecnologia-e-empreendedorismo\/","title":{"rendered":"Open Day: um ponto de encontro para todos os que t\u00eam interesse nas \u00e1reas da inova\u00e7\u00e3o, tecnologia e empreendedorismo"},"content":{"rendered":"","protected":false},"featured_media":1081,"template":"","news-tags":[],"news-date":[246],"class_list":["post-855","news","type-news","status-publish","has-post-thumbnail","hentry","news-date-nov-2021"],"acf":[],"_links":{"self":[{"href":"https:\/\/pact.pt\/pt-pt\/wp-json\/wp\/v2\/news\/855","targetHints":{"allow":["GET"]}}],"collection":[{"href":"https:\/\/pact.pt\/pt-pt\/wp-json\/wp\/v2\/news"}],"about":[{"href":"https:\/\/pact.pt\/pt-pt\/wp-json\/wp\/v2\/types\/news"}],"wp:featuredmedia":[{"embeddable":true,"href":"https:\/\/pact.pt\/pt-pt\/wp-json\/wp\/v2\/media\/1081"}],"wp:attachment":[{"href":"https:\/\/pact.pt\/pt-pt\/wp-json\/wp\/v2\/media?parent=855"}],"wp:term":[{"taxonomy":"news-tags","embeddable":true,"href":"https:\/\/pact.pt\/pt-pt\/wp-json\/wp\/v2\/news-tags?post=855"},{"taxonomy":"news-date","embeddable":true,"href":"https:\/\/pact.pt\/pt-pt\/wp-json\/wp\/v2\/news-date?post=855"}],"curies":[{"name":"wp","href":"https:\/\/api.w.org\/{rel}","templated":true}]}}