{"id":856,"date":"2021-12-13T19:47:00","date_gmt":"2021-12-13T19:47:00","guid":{"rendered":"https:\/\/pact.pt\/news\/pact-planta-a-primeira-arvore-do-projeto-de-ampliacao-das-suas-instalacoes-e-lanca-tech-academy-em-parceria-com-a-kpmg\/"},"modified":"2025-03-12T14:48:42","modified_gmt":"2025-03-12T14:48:42","slug":"pact-planta-a-primeira-arvore-do-projeto-de-ampliacao-das-suas-instalacoes-e-lanca-tech-academy-em-parceria-com-a-kpmg","status":"publish","type":"news","link":"https:\/\/pact.pt\/pt-pt\/news\/pact-planta-a-primeira-arvore-do-projeto-de-ampliacao-das-suas-instalacoes-e-lanca-tech-academy-em-parceria-com-a-kpmg\/","title":{"rendered":"PACT planta a primeira \u00e1rvore do projeto de amplia\u00e7\u00e3o das suas instala\u00e7\u00f5es e lan\u00e7a Tech Academy em parceria com a KPMG"},"content":{"rendered":"","protected":false},"featured_media":1083,"template":"","news-tags":[],"news-date":[245],"class_list":["post-856","news","type-news","status-publish","has-post-thumbnail","hentry","news-date-dez-2021"],"acf":[],"_links":{"self":[{"href":"https:\/\/pact.pt\/pt-pt\/wp-json\/wp\/v2\/news\/856","targetHints":{"allow":["GET"]}}],"collection":[{"href":"https:\/\/pact.pt\/pt-pt\/wp-json\/wp\/v2\/news"}],"about":[{"href":"https:\/\/pact.pt\/pt-pt\/wp-json\/wp\/v2\/types\/news"}],"wp:featuredmedia":[{"embeddable":true,"href":"https:\/\/pact.pt\/pt-pt\/wp-json\/wp\/v2\/media\/1083"}],"wp:attachment":[{"href":"https:\/\/pact.pt\/pt-pt\/wp-json\/wp\/v2\/media?parent=856"}],"wp:term":[{"taxonomy":"news-tags","embeddable":true,"href":"https:\/\/pact.pt\/pt-pt\/wp-json\/wp\/v2\/news-tags?post=856"},{"taxonomy":"news-date","embeddable":true,"href":"https:\/\/pact.pt\/pt-pt\/wp-json\/wp\/v2\/news-date?post=856"}],"curies":[{"name":"wp","href":"https:\/\/api.w.org\/{rel}","templated":true}]}}