{"id":858,"date":"2022-03-09T19:47:00","date_gmt":"2022-03-09T19:47:00","guid":{"rendered":"https:\/\/pact.pt\/news\/parque-do-alentejo-de-ciencia-e-tecnologia-abre-concurso-para-a-construcao-de-tres-novos-edificios\/"},"modified":"2025-07-24T12:05:22","modified_gmt":"2025-07-24T11:05:22","slug":"parque-do-alentejo-de-ciencia-e-tecnologia-abre-concurso-para-a-construcao-de-tres-novos-edificios","status":"publish","type":"news","link":"https:\/\/pact.pt\/pt-pt\/news\/parque-do-alentejo-de-ciencia-e-tecnologia-abre-concurso-para-a-construcao-de-tres-novos-edificios\/","title":{"rendered":"Parque do Alentejo de Ci\u00eancia e Tecnologia abre concurso para a constru\u00e7\u00e3o de tr\u00eas novos edif\u00edcios"},"content":{"rendered":"","protected":false},"featured_media":3444,"template":"","news-tags":[],"news-date":[244],"class_list":["post-858","news","type-news","status-publish","has-post-thumbnail","hentry","news-date-mar-2022"],"acf":[],"_links":{"self":[{"href":"https:\/\/pact.pt\/pt-pt\/wp-json\/wp\/v2\/news\/858","targetHints":{"allow":["GET"]}}],"collection":[{"href":"https:\/\/pact.pt\/pt-pt\/wp-json\/wp\/v2\/news"}],"about":[{"href":"https:\/\/pact.pt\/pt-pt\/wp-json\/wp\/v2\/types\/news"}],"wp:featuredmedia":[{"embeddable":true,"href":"https:\/\/pact.pt\/pt-pt\/wp-json\/wp\/v2\/media\/3444"}],"wp:attachment":[{"href":"https:\/\/pact.pt\/pt-pt\/wp-json\/wp\/v2\/media?parent=858"}],"wp:term":[{"taxonomy":"news-tags","embeddable":true,"href":"https:\/\/pact.pt\/pt-pt\/wp-json\/wp\/v2\/news-tags?post=858"},{"taxonomy":"news-date","embeddable":true,"href":"https:\/\/pact.pt\/pt-pt\/wp-json\/wp\/v2\/news-date?post=858"}],"curies":[{"name":"wp","href":"https:\/\/api.w.org\/{rel}","templated":true}]}}