{"id":860,"date":"2022-04-01T19:47:00","date_gmt":"2022-04-01T19:47:00","guid":{"rendered":"https:\/\/pact.pt\/news\/parque-do-alentejo-de-ciencia-e-tecnologia-desenvolve-plano-de-acao-para-responder-a-crise-humanitaria-na-ucrania\/"},"modified":"2025-03-12T14:53:50","modified_gmt":"2025-03-12T14:53:50","slug":"parque-do-alentejo-de-ciencia-e-tecnologia-desenvolve-plano-de-acao-para-responder-a-crise-humanitaria-na-ucrania","status":"publish","type":"news","link":"https:\/\/pact.pt\/pt-pt\/news\/parque-do-alentejo-de-ciencia-e-tecnologia-desenvolve-plano-de-acao-para-responder-a-crise-humanitaria-na-ucrania\/","title":{"rendered":"Parque do Alentejo de Ci\u00eancia e Tecnologia desenvolve plano de a\u00e7\u00e3o para responder \u00e0 crise humanit\u00e1ria na Ucr\u00e2nia"},"content":{"rendered":"","protected":false},"featured_media":1091,"template":"","news-tags":[],"news-date":[243],"class_list":["post-860","news","type-news","status-publish","has-post-thumbnail","hentry","news-date-abr-2022"],"acf":[],"_links":{"self":[{"href":"https:\/\/pact.pt\/pt-pt\/wp-json\/wp\/v2\/news\/860","targetHints":{"allow":["GET"]}}],"collection":[{"href":"https:\/\/pact.pt\/pt-pt\/wp-json\/wp\/v2\/news"}],"about":[{"href":"https:\/\/pact.pt\/pt-pt\/wp-json\/wp\/v2\/types\/news"}],"wp:featuredmedia":[{"embeddable":true,"href":"https:\/\/pact.pt\/pt-pt\/wp-json\/wp\/v2\/media\/1091"}],"wp:attachment":[{"href":"https:\/\/pact.pt\/pt-pt\/wp-json\/wp\/v2\/media?parent=860"}],"wp:term":[{"taxonomy":"news-tags","embeddable":true,"href":"https:\/\/pact.pt\/pt-pt\/wp-json\/wp\/v2\/news-tags?post=860"},{"taxonomy":"news-date","embeddable":true,"href":"https:\/\/pact.pt\/pt-pt\/wp-json\/wp\/v2\/news-date?post=860"}],"curies":[{"name":"wp","href":"https:\/\/api.w.org\/{rel}","templated":true}]}}