{"id":863,"date":"2022-07-11T19:47:00","date_gmt":"2022-07-11T19:47:00","guid":{"rendered":"https:\/\/pact.pt\/news\/pact-lanca-plano-de-formacao-para-o-segundo-semestre-do-ano\/"},"modified":"2025-07-23T15:29:31","modified_gmt":"2025-07-23T14:29:31","slug":"pact-lanca-plano-de-formacao-para-o-segundo-semestre-do-ano","status":"publish","type":"news","link":"https:\/\/pact.pt\/pt-pt\/news\/pact-lanca-plano-de-formacao-para-o-segundo-semestre-do-ano\/","title":{"rendered":"PACT lan\u00e7a plano de forma\u00e7\u00e3o para o segundo semestre do ano"},"content":{"rendered":"","protected":false},"featured_media":3387,"template":"","news-tags":[],"news-date":[241],"class_list":["post-863","news","type-news","status-publish","has-post-thumbnail","hentry","news-date-jul-2022"],"acf":[],"_links":{"self":[{"href":"https:\/\/pact.pt\/pt-pt\/wp-json\/wp\/v2\/news\/863","targetHints":{"allow":["GET"]}}],"collection":[{"href":"https:\/\/pact.pt\/pt-pt\/wp-json\/wp\/v2\/news"}],"about":[{"href":"https:\/\/pact.pt\/pt-pt\/wp-json\/wp\/v2\/types\/news"}],"wp:featuredmedia":[{"embeddable":true,"href":"https:\/\/pact.pt\/pt-pt\/wp-json\/wp\/v2\/media\/3387"}],"wp:attachment":[{"href":"https:\/\/pact.pt\/pt-pt\/wp-json\/wp\/v2\/media?parent=863"}],"wp:term":[{"taxonomy":"news-tags","embeddable":true,"href":"https:\/\/pact.pt\/pt-pt\/wp-json\/wp\/v2\/news-tags?post=863"},{"taxonomy":"news-date","embeddable":true,"href":"https:\/\/pact.pt\/pt-pt\/wp-json\/wp\/v2\/news-date?post=863"}],"curies":[{"name":"wp","href":"https:\/\/api.w.org\/{rel}","templated":true}]}}