{"id":869,"date":"2022-10-17T19:47:00","date_gmt":"2022-10-17T19:47:00","guid":{"rendered":"https:\/\/pact.pt\/news\/pact-inicia-construcao-de-tres-novos-edificios\/"},"modified":"2025-07-23T15:29:46","modified_gmt":"2025-07-23T14:29:46","slug":"pact-inicia-construcao-de-tres-novos-edificios","status":"publish","type":"news","link":"https:\/\/pact.pt\/pt-pt\/news\/pact-inicia-construcao-de-tres-novos-edificios\/","title":{"rendered":"PACT inicia constru\u00e7\u00e3o de tr\u00eas novos edif\u00edcios"},"content":{"rendered":"","protected":false},"featured_media":3389,"template":"","news-tags":[],"news-date":[238],"class_list":["post-869","news","type-news","status-publish","has-post-thumbnail","hentry","news-date-out-2022"],"acf":[],"_links":{"self":[{"href":"https:\/\/pact.pt\/pt-pt\/wp-json\/wp\/v2\/news\/869","targetHints":{"allow":["GET"]}}],"collection":[{"href":"https:\/\/pact.pt\/pt-pt\/wp-json\/wp\/v2\/news"}],"about":[{"href":"https:\/\/pact.pt\/pt-pt\/wp-json\/wp\/v2\/types\/news"}],"wp:featuredmedia":[{"embeddable":true,"href":"https:\/\/pact.pt\/pt-pt\/wp-json\/wp\/v2\/media\/3389"}],"wp:attachment":[{"href":"https:\/\/pact.pt\/pt-pt\/wp-json\/wp\/v2\/media?parent=869"}],"wp:term":[{"taxonomy":"news-tags","embeddable":true,"href":"https:\/\/pact.pt\/pt-pt\/wp-json\/wp\/v2\/news-tags?post=869"},{"taxonomy":"news-date","embeddable":true,"href":"https:\/\/pact.pt\/pt-pt\/wp-json\/wp\/v2\/news-date?post=869"}],"curies":[{"name":"wp","href":"https:\/\/api.w.org\/{rel}","templated":true}]}}