{"id":873,"date":"2022-11-07T19:47:00","date_gmt":"2022-11-07T19:47:00","guid":{"rendered":"https:\/\/pact.pt\/news\/formacao-certificada-metodologia-agile-para-gestao-de-projetos\/"},"modified":"2025-03-03T21:34:41","modified_gmt":"2025-03-03T21:34:41","slug":"formacao-certificada-metodologia-agile-para-gestao-de-projetos","status":"publish","type":"news","link":"https:\/\/pact.pt\/pt-pt\/news\/formacao-certificada-metodologia-agile-para-gestao-de-projetos\/","title":{"rendered":"Forma\u00e7\u00e3o certificada: Metodologia Agile para Gest\u00e3o de Projetos"},"content":{"rendered":"","protected":false},"featured_media":1121,"template":"","news-tags":[],"news-date":[237],"class_list":["post-873","news","type-news","status-publish","has-post-thumbnail","hentry","news-date-nov-2022"],"acf":[],"_links":{"self":[{"href":"https:\/\/pact.pt\/pt-pt\/wp-json\/wp\/v2\/news\/873","targetHints":{"allow":["GET"]}}],"collection":[{"href":"https:\/\/pact.pt\/pt-pt\/wp-json\/wp\/v2\/news"}],"about":[{"href":"https:\/\/pact.pt\/pt-pt\/wp-json\/wp\/v2\/types\/news"}],"wp:featuredmedia":[{"embeddable":true,"href":"https:\/\/pact.pt\/pt-pt\/wp-json\/wp\/v2\/media\/1121"}],"wp:attachment":[{"href":"https:\/\/pact.pt\/pt-pt\/wp-json\/wp\/v2\/media?parent=873"}],"wp:term":[{"taxonomy":"news-tags","embeddable":true,"href":"https:\/\/pact.pt\/pt-pt\/wp-json\/wp\/v2\/news-tags?post=873"},{"taxonomy":"news-date","embeddable":true,"href":"https:\/\/pact.pt\/pt-pt\/wp-json\/wp\/v2\/news-date?post=873"}],"curies":[{"name":"wp","href":"https:\/\/api.w.org\/{rel}","templated":true}]}}