{"id":878,"date":"2022-12-15T19:47:00","date_gmt":"2022-12-15T19:47:00","guid":{"rendered":"https:\/\/pact.pt\/news\/pact-integra-consorcio-que-pretende-melhorar-a-competitividade-do-cluster-aeronautico-na-regiao-andaluzia-alentejo\/"},"modified":"2025-03-12T15:54:31","modified_gmt":"2025-03-12T15:54:31","slug":"pact-integra-consorcio-que-pretende-melhorar-a-competitividade-do-cluster-aeronautico-na-regiao-andaluzia-alentejo","status":"publish","type":"news","link":"https:\/\/pact.pt\/pt-pt\/news\/pact-integra-consorcio-que-pretende-melhorar-a-competitividade-do-cluster-aeronautico-na-regiao-andaluzia-alentejo\/","title":{"rendered":"PACT integra cons\u00f3rcio que pretende melhorar a competitividade do cluster aeron\u00e1utico na regi\u00e3o Andaluzia-Alentejo"},"content":{"rendered":"","protected":false},"featured_media":1131,"template":"","news-tags":[],"news-date":[236],"class_list":["post-878","news","type-news","status-publish","has-post-thumbnail","hentry","news-date-dez-2022"],"acf":[],"_links":{"self":[{"href":"https:\/\/pact.pt\/pt-pt\/wp-json\/wp\/v2\/news\/878","targetHints":{"allow":["GET"]}}],"collection":[{"href":"https:\/\/pact.pt\/pt-pt\/wp-json\/wp\/v2\/news"}],"about":[{"href":"https:\/\/pact.pt\/pt-pt\/wp-json\/wp\/v2\/types\/news"}],"wp:featuredmedia":[{"embeddable":true,"href":"https:\/\/pact.pt\/pt-pt\/wp-json\/wp\/v2\/media\/1131"}],"wp:attachment":[{"href":"https:\/\/pact.pt\/pt-pt\/wp-json\/wp\/v2\/media?parent=878"}],"wp:term":[{"taxonomy":"news-tags","embeddable":true,"href":"https:\/\/pact.pt\/pt-pt\/wp-json\/wp\/v2\/news-tags?post=878"},{"taxonomy":"news-date","embeddable":true,"href":"https:\/\/pact.pt\/pt-pt\/wp-json\/wp\/v2\/news-date?post=878"}],"curies":[{"name":"wp","href":"https:\/\/api.w.org\/{rel}","templated":true}]}}