{"id":884,"date":"2023-02-09T19:47:00","date_gmt":"2023-02-09T19:47:00","guid":{"rendered":"https:\/\/pact.pt\/news\/pact-recebe-apresentacao-do-programa-empowered-startups-e-ministra-da-coesao-territorial\/"},"modified":"2025-03-25T15:09:44","modified_gmt":"2025-03-25T15:09:44","slug":"pact-recebe-apresentacao-do-programa-empowered-startups-e-ministra-da-coesao-territorial","status":"publish","type":"news","link":"https:\/\/pact.pt\/pt-pt\/news\/pact-recebe-apresentacao-do-programa-empowered-startups-e-ministra-da-coesao-territorial\/","title":{"rendered":"PACT recebe apresenta\u00e7\u00e3o do Programa Empowered Startups e Ministra da Coes\u00e3o Territorial"},"content":{"rendered":"","protected":false},"featured_media":1143,"template":"","news-tags":[271,270,273,272,274,275,277,276,278,279,281,280,282,283,284,285],"news-date":[234],"class_list":["post-884","news","type-news","status-publish","has-post-thumbnail","hentry","news-tags-alentejo","news-tags-ana-abrunhosa","news-tags-artem-galimov","news-tags-azizi-developments","news-tags-chris-lennon","news-tags-empowered-startup","news-tags-evora","news-tags-keyword-tool","news-tags-ministra-da-coesao-territorial","news-tags-pact","news-tags-startup","news-tags-universidade-de-evora","news-tags-universidade-do-algarve","news-tags-wenjie-jiang","news-tags-wj-apparel-group","news-tags-youssef-akila","news-date-fev-2023"],"acf":[],"_links":{"self":[{"href":"https:\/\/pact.pt\/pt-pt\/wp-json\/wp\/v2\/news\/884","targetHints":{"allow":["GET"]}}],"collection":[{"href":"https:\/\/pact.pt\/pt-pt\/wp-json\/wp\/v2\/news"}],"about":[{"href":"https:\/\/pact.pt\/pt-pt\/wp-json\/wp\/v2\/types\/news"}],"wp:featuredmedia":[{"embeddable":true,"href":"https:\/\/pact.pt\/pt-pt\/wp-json\/wp\/v2\/media\/1143"}],"wp:attachment":[{"href":"https:\/\/pact.pt\/pt-pt\/wp-json\/wp\/v2\/media?parent=884"}],"wp:term":[{"taxonomy":"news-tags","embeddable":true,"href":"https:\/\/pact.pt\/pt-pt\/wp-json\/wp\/v2\/news-tags?post=884"},{"taxonomy":"news-date","embeddable":true,"href":"https:\/\/pact.pt\/pt-pt\/wp-json\/wp\/v2\/news-date?post=884"}],"curies":[{"name":"wp","href":"https:\/\/api.w.org\/{rel}","templated":true}]}}