{"id":888,"date":"2023-02-22T19:47:00","date_gmt":"2023-02-22T19:47:00","guid":{"rendered":"https:\/\/pact.pt\/news\/pact-realiza-acoes-de-capacitacao-no-ambito-do-projeto-localcir\/"},"modified":"2025-03-25T15:20:13","modified_gmt":"2025-03-25T15:20:13","slug":"pact-realiza-acoes-de-capacitacao-no-ambito-do-projeto-localcir","status":"publish","type":"news","link":"https:\/\/pact.pt\/pt-pt\/news\/pact-realiza-acoes-de-capacitacao-no-ambito-do-projeto-localcir\/","title":{"rendered":"PACT realiza a\u00e7\u00f5es de capacita\u00e7\u00e3o no \u00e2mbito do projeto LOCALCIR"},"content":{"rendered":"","protected":false},"featured_media":1152,"template":"","news-tags":[271,287,293,305,303,304,277,307,296,308,306,309,310],"news-date":[234],"class_list":["post-888","news","type-news","status-publish","has-post-thumbnail","hentry","news-tags-alentejo","news-tags-beja","news-tags-capacitacao","news-tags-ciencia","news-tags-economia-circular","news-tags-emprego","news-tags-evora","news-tags-iefp","news-tags-localcir","news-tags-portalegre","news-tags-sustetabilidade","news-tags-tecnologia","news-tags-vila-nova-de-santo-andre","news-date-fev-2023"],"acf":[],"_links":{"self":[{"href":"https:\/\/pact.pt\/pt-pt\/wp-json\/wp\/v2\/news\/888","targetHints":{"allow":["GET"]}}],"collection":[{"href":"https:\/\/pact.pt\/pt-pt\/wp-json\/wp\/v2\/news"}],"about":[{"href":"https:\/\/pact.pt\/pt-pt\/wp-json\/wp\/v2\/types\/news"}],"wp:featuredmedia":[{"embeddable":true,"href":"https:\/\/pact.pt\/pt-pt\/wp-json\/wp\/v2\/media\/1152"}],"wp:attachment":[{"href":"https:\/\/pact.pt\/pt-pt\/wp-json\/wp\/v2\/media?parent=888"}],"wp:term":[{"taxonomy":"news-tags","embeddable":true,"href":"https:\/\/pact.pt\/pt-pt\/wp-json\/wp\/v2\/news-tags?post=888"},{"taxonomy":"news-date","embeddable":true,"href":"https:\/\/pact.pt\/pt-pt\/wp-json\/wp\/v2\/news-date?post=888"}],"curies":[{"name":"wp","href":"https:\/\/api.w.org\/{rel}","templated":true}]}}