{"id":892,"date":"2023-03-08T19:47:00","date_gmt":"2023-03-08T19:47:00","guid":{"rendered":"https:\/\/pact.pt\/news\/pact-esta-presente-na-inauguracao-da-biobip2techtransfer\/"},"modified":"2025-03-25T15:23:43","modified_gmt":"2025-03-25T15:23:43","slug":"pact-esta-presente-na-inauguracao-da-biobip2techtransfer","status":"publish","type":"news","link":"https:\/\/pact.pt\/pt-pt\/news\/pact-esta-presente-na-inauguracao-da-biobip2techtransfer\/","title":{"rendered":"PACT EST\u00c1 PRESENTE NA INAUGURA\u00c7\u00c3O DA BioBIP2TechTransfer"},"content":{"rendered":"","protected":false},"featured_media":1161,"template":"","news-tags":[271,346,305,277,347,348,279,308,309],"news-date":[233],"class_list":["post-892","news","type-news","status-publish","has-post-thumbnail","hentry","news-tags-alentejo","news-tags-biobip2techtransfer","news-tags-ciencia","news-tags-evora","news-tags-inauguracao","news-tags-instituto-politecnico-de-portalgre","news-tags-pact","news-tags-portalegre","news-tags-tecnologia","news-date-mar-2023"],"acf":[],"_links":{"self":[{"href":"https:\/\/pact.pt\/pt-pt\/wp-json\/wp\/v2\/news\/892","targetHints":{"allow":["GET"]}}],"collection":[{"href":"https:\/\/pact.pt\/pt-pt\/wp-json\/wp\/v2\/news"}],"about":[{"href":"https:\/\/pact.pt\/pt-pt\/wp-json\/wp\/v2\/types\/news"}],"wp:featuredmedia":[{"embeddable":true,"href":"https:\/\/pact.pt\/pt-pt\/wp-json\/wp\/v2\/media\/1161"}],"wp:attachment":[{"href":"https:\/\/pact.pt\/pt-pt\/wp-json\/wp\/v2\/media?parent=892"}],"wp:term":[{"taxonomy":"news-tags","embeddable":true,"href":"https:\/\/pact.pt\/pt-pt\/wp-json\/wp\/v2\/news-tags?post=892"},{"taxonomy":"news-date","embeddable":true,"href":"https:\/\/pact.pt\/pt-pt\/wp-json\/wp\/v2\/news-date?post=892"}],"curies":[{"name":"wp","href":"https:\/\/api.w.org\/{rel}","templated":true}]}}