{"id":896,"date":"2023-04-05T19:47:00","date_gmt":"2023-04-05T19:47:00","guid":{"rendered":"https:\/\/pact.pt\/news\/seminario-sobre-agendas-mobilizadoras-no-alentejo-reune-presidente-da-comissao-nacional-de-acompanhamento-do-prr-consorcios-e-municipios-no-pact\/"},"modified":"2025-03-25T15:27:58","modified_gmt":"2025-03-25T15:27:58","slug":"seminario-sobre-agendas-mobilizadoras-no-alentejo-reune-presidente-da-comissao-nacional-de-acompanhamento-do-prr-consorcios-e-municipios-no-pact","status":"publish","type":"news","link":"https:\/\/pact.pt\/pt-pt\/news\/seminario-sobre-agendas-mobilizadoras-no-alentejo-reune-presidente-da-comissao-nacional-de-acompanhamento-do-prr-consorcios-e-municipios-no-pact\/","title":{"rendered":"Semin\u00e1rio sobre Agendas Mobilizadoras no Alentejo re\u00fane Presidente da Comiss\u00e3o Nacional de Acompanhamento do PRR, Cons\u00f3rcios e Munic\u00edpios no PACT"},"content":{"rendered":"","protected":false},"featured_media":1173,"template":"","news-tags":[359,271,360,305,357,279,362,361,309],"news-date":[232],"class_list":["post-896","news","type-news","status-publish","has-post-thumbnail","hentry","news-tags-agendas-mobilizadoras","news-tags-alentejo","news-tags-ccdr-alentejo","news-tags-ciencia","news-tags-evento","news-tags-pact","news-tags-prr","news-tags-seminario","news-tags-tecnologia","news-date-abr-2023"],"acf":[],"_links":{"self":[{"href":"https:\/\/pact.pt\/pt-pt\/wp-json\/wp\/v2\/news\/896","targetHints":{"allow":["GET"]}}],"collection":[{"href":"https:\/\/pact.pt\/pt-pt\/wp-json\/wp\/v2\/news"}],"about":[{"href":"https:\/\/pact.pt\/pt-pt\/wp-json\/wp\/v2\/types\/news"}],"wp:featuredmedia":[{"embeddable":true,"href":"https:\/\/pact.pt\/pt-pt\/wp-json\/wp\/v2\/media\/1173"}],"wp:attachment":[{"href":"https:\/\/pact.pt\/pt-pt\/wp-json\/wp\/v2\/media?parent=896"}],"wp:term":[{"taxonomy":"news-tags","embeddable":true,"href":"https:\/\/pact.pt\/pt-pt\/wp-json\/wp\/v2\/news-tags?post=896"},{"taxonomy":"news-date","embeddable":true,"href":"https:\/\/pact.pt\/pt-pt\/wp-json\/wp\/v2\/news-date?post=896"}],"curies":[{"name":"wp","href":"https:\/\/api.w.org\/{rel}","templated":true}]}}