{"id":903,"date":"2023-05-11T19:47:00","date_gmt":"2023-05-11T19:47:00","guid":{"rendered":"https:\/\/pact.pt\/news\/pact-recebe-visita-do-consorcio-unicorn-quest-do-qual-e-lider\/"},"modified":"2025-07-24T12:18:13","modified_gmt":"2025-07-24T11:18:13","slug":"pact-recebe-visita-do-consorcio-unicorn-quest-do-qual-e-lider","status":"publish","type":"news","link":"https:\/\/pact.pt\/pt-pt\/news\/pact-recebe-visita-do-consorcio-unicorn-quest-do-qual-e-lider\/","title":{"rendered":"PACT recebe visita do cons\u00f3rcio Unicorn Quest, do qual \u00e9 l\u00edder"},"content":{"rendered":"","protected":false},"featured_media":3382,"template":"","news-tags":[271,305,314,277,317,279,298,281,385,386,387],"news-date":[231],"class_list":["post-903","news","type-news","status-publish","has-post-thumbnail","hentry","news-tags-alentejo","news-tags-ciencia","news-tags-empreendedorismo","news-tags-evora","news-tags-inovacao","news-tags-pact","news-tags-projeto","news-tags-startup","news-tags-tencologia","news-tags-unicorn-quest","news-tags-unicornio","news-date-mai-2023"],"acf":[],"_links":{"self":[{"href":"https:\/\/pact.pt\/pt-pt\/wp-json\/wp\/v2\/news\/903","targetHints":{"allow":["GET"]}}],"collection":[{"href":"https:\/\/pact.pt\/pt-pt\/wp-json\/wp\/v2\/news"}],"about":[{"href":"https:\/\/pact.pt\/pt-pt\/wp-json\/wp\/v2\/types\/news"}],"wp:featuredmedia":[{"embeddable":true,"href":"https:\/\/pact.pt\/pt-pt\/wp-json\/wp\/v2\/media\/3382"}],"wp:attachment":[{"href":"https:\/\/pact.pt\/pt-pt\/wp-json\/wp\/v2\/media?parent=903"}],"wp:term":[{"taxonomy":"news-tags","embeddable":true,"href":"https:\/\/pact.pt\/pt-pt\/wp-json\/wp\/v2\/news-tags?post=903"},{"taxonomy":"news-date","embeddable":true,"href":"https:\/\/pact.pt\/pt-pt\/wp-json\/wp\/v2\/news-date?post=903"}],"curies":[{"name":"wp","href":"https:\/\/api.w.org\/{rel}","templated":true}]}}