{"id":905,"date":"2023-05-31T19:47:00","date_gmt":"2023-05-31T19:47:00","guid":{"rendered":"https:\/\/pact.pt\/news\/conferencia-final-aeris-jornadas-sobre-o-sector-da-aeronautica-e-a-industria-4-0\/"},"modified":"2025-07-24T12:17:21","modified_gmt":"2025-07-24T11:17:21","slug":"conferencia-final-aeris-jornadas-sobre-o-sector-da-aeronautica-e-a-industria-4-0","status":"publish","type":"news","link":"https:\/\/pact.pt\/pt-pt\/news\/conferencia-final-aeris-jornadas-sobre-o-sector-da-aeronautica-e-a-industria-4-0\/","title":{"rendered":"CONFER\u00caNCIA FINAL AERIS+: JORNADAS SOBRE O SECTOR DA AERON\u00c1UTICA E A IND\u00daSTRIA 4.0"},"content":{"rendered":"","protected":false},"featured_media":3374,"template":"","news-tags":[286,394,271,395,305,366,396,279,298,309],"news-date":[231],"class_list":["post-905","news","type-news","status-publish","has-post-thumbnail","hentry","news-tags-aeris","news-tags-aeronautica","news-tags-alentejo","news-tags-andaluzia","news-tags-ciencia","news-tags-indupymes","news-tags-industria-4-0","news-tags-pact","news-tags-projeto","news-tags-tecnologia","news-date-mai-2023"],"acf":[],"_links":{"self":[{"href":"https:\/\/pact.pt\/pt-pt\/wp-json\/wp\/v2\/news\/905","targetHints":{"allow":["GET"]}}],"collection":[{"href":"https:\/\/pact.pt\/pt-pt\/wp-json\/wp\/v2\/news"}],"about":[{"href":"https:\/\/pact.pt\/pt-pt\/wp-json\/wp\/v2\/types\/news"}],"wp:featuredmedia":[{"embeddable":true,"href":"https:\/\/pact.pt\/pt-pt\/wp-json\/wp\/v2\/media\/3374"}],"wp:attachment":[{"href":"https:\/\/pact.pt\/pt-pt\/wp-json\/wp\/v2\/media?parent=905"}],"wp:term":[{"taxonomy":"news-tags","embeddable":true,"href":"https:\/\/pact.pt\/pt-pt\/wp-json\/wp\/v2\/news-tags?post=905"},{"taxonomy":"news-date","embeddable":true,"href":"https:\/\/pact.pt\/pt-pt\/wp-json\/wp\/v2\/news-date?post=905"}],"curies":[{"name":"wp","href":"https:\/\/api.w.org\/{rel}","templated":true}]}}