{"id":908,"date":"2023-06-22T19:47:00","date_gmt":"2023-06-22T19:47:00","guid":{"rendered":"https:\/\/pact.pt\/news\/o-pact-e-um-reflexo-da-transformacao-do-alentejo-secretario-de-estado-visita-pact-e-reune-com-empresas-do-ecossistema\/"},"modified":"2025-03-25T15:33:09","modified_gmt":"2025-03-25T15:33:09","slug":"o-pact-e-um-reflexo-da-transformacao-do-alentejo-secretario-de-estado-visita-pact-e-reune-com-empresas-do-ecossistema","status":"publish","type":"news","link":"https:\/\/pact.pt\/pt-pt\/news\/o-pact-e-um-reflexo-da-transformacao-do-alentejo-secretario-de-estado-visita-pact-e-reune-com-empresas-do-ecossistema\/","title":{"rendered":"\u201cO PACT \u00e9 um reflexo da transforma\u00e7\u00e3o do Alentejo\u201d \u2013 SECRET\u00c1RIO DE ESTADO VISITA PACT E REUNE COM EMPRESAS DO ECOSSISTEMA"},"content":{"rendered":"","protected":false},"featured_media":1192,"template":"","news-tags":[271,305,377,314,365,277,317,279,401,400,309,402],"news-date":[230],"class_list":["post-908","news","type-news","status-publish","has-post-thumbnail","hentry","news-tags-alentejo","news-tags-ciencia","news-tags-ecossistema","news-tags-empreendedorismo","news-tags-empresas","news-tags-evora","news-tags-inovacao","news-tags-pact","news-tags-reuniao","news-tags-secretario-de-estado-da-economia","news-tags-tecnologia","news-tags-transformacao","news-date-jun-2023"],"acf":[],"_links":{"self":[{"href":"https:\/\/pact.pt\/pt-pt\/wp-json\/wp\/v2\/news\/908","targetHints":{"allow":["GET"]}}],"collection":[{"href":"https:\/\/pact.pt\/pt-pt\/wp-json\/wp\/v2\/news"}],"about":[{"href":"https:\/\/pact.pt\/pt-pt\/wp-json\/wp\/v2\/types\/news"}],"wp:featuredmedia":[{"embeddable":true,"href":"https:\/\/pact.pt\/pt-pt\/wp-json\/wp\/v2\/media\/1192"}],"wp:attachment":[{"href":"https:\/\/pact.pt\/pt-pt\/wp-json\/wp\/v2\/media?parent=908"}],"wp:term":[{"taxonomy":"news-tags","embeddable":true,"href":"https:\/\/pact.pt\/pt-pt\/wp-json\/wp\/v2\/news-tags?post=908"},{"taxonomy":"news-date","embeddable":true,"href":"https:\/\/pact.pt\/pt-pt\/wp-json\/wp\/v2\/news-date?post=908"}],"curies":[{"name":"wp","href":"https:\/\/api.w.org\/{rel}","templated":true}]}}