{"id":910,"date":"2023-06-28T19:47:00","date_gmt":"2023-06-28T19:47:00","guid":{"rendered":"https:\/\/pact.pt\/news\/projeto-indupymes-chega-ao-fim-pact-promoveu-a-implementacao-de-tecnologias-4-0-em-empresas-da-zona-transfronteirica\/"},"modified":"2025-03-25T15:33:42","modified_gmt":"2025-03-25T15:33:42","slug":"projeto-indupymes-chega-ao-fim-pact-promoveu-a-implementacao-de-tecnologias-4-0-em-empresas-da-zona-transfronteirica","status":"publish","type":"news","link":"https:\/\/pact.pt\/pt-pt\/news\/projeto-indupymes-chega-ao-fim-pact-promoveu-a-implementacao-de-tecnologias-4-0-em-empresas-da-zona-transfronteirica\/","title":{"rendered":"PROJETO INDUPYMES+ CHEGA AO FIM: PACT PROMOVEU A IMPLEMENTA\u00c7\u00c3O DE TECNOLOGIAS 4.0 EM EMPRESAS DA ZONA TRANSFRONTEIRI\u00c7A"},"content":{"rendered":"","protected":false},"featured_media":1197,"template":"","news-tags":[271,395,305,366,396,279,298,309],"news-date":[230],"class_list":["post-910","news","type-news","status-publish","has-post-thumbnail","hentry","news-tags-alentejo","news-tags-andaluzia","news-tags-ciencia","news-tags-indupymes","news-tags-industria-4-0","news-tags-pact","news-tags-projeto","news-tags-tecnologia","news-date-jun-2023"],"acf":[],"_links":{"self":[{"href":"https:\/\/pact.pt\/pt-pt\/wp-json\/wp\/v2\/news\/910","targetHints":{"allow":["GET"]}}],"collection":[{"href":"https:\/\/pact.pt\/pt-pt\/wp-json\/wp\/v2\/news"}],"about":[{"href":"https:\/\/pact.pt\/pt-pt\/wp-json\/wp\/v2\/types\/news"}],"wp:featuredmedia":[{"embeddable":true,"href":"https:\/\/pact.pt\/pt-pt\/wp-json\/wp\/v2\/media\/1197"}],"wp:attachment":[{"href":"https:\/\/pact.pt\/pt-pt\/wp-json\/wp\/v2\/media?parent=910"}],"wp:term":[{"taxonomy":"news-tags","embeddable":true,"href":"https:\/\/pact.pt\/pt-pt\/wp-json\/wp\/v2\/news-tags?post=910"},{"taxonomy":"news-date","embeddable":true,"href":"https:\/\/pact.pt\/pt-pt\/wp-json\/wp\/v2\/news-date?post=910"}],"curies":[{"name":"wp","href":"https:\/\/api.w.org\/{rel}","templated":true}]}}